{"id":160839,"date":"2025-06-08T12:03:10","date_gmt":"2025-06-08T12:03:10","guid":{"rendered":"https:\/\/www.europesays.com\/fr\/160839\/"},"modified":"2025-06-08T12:03:10","modified_gmt":"2025-06-08T12:03:10","slug":"battue-par-coco-gauff-aryna-sabalenka-na-vraiment-pas-bien-vecu-sa-defaite-en-finale-de-roland-garros","status":"publish","type":"post","link":"https:\/\/www.europesays.com\/fr\/160839\/","title":{"rendered":"Battue par Coco Gauff, Aryna Sabalenka n\u2019a vraiment pas bien v\u00e9cu sa d\u00e9faite en finale de Roland Garros"},"content":{"rendered":"<p>        <img decoding=\"async\" loading=\"lazy\" src=\"https:\/\/www.europesays.com\/fr\/wp-content\/uploads\/2025\/06\/5ef1776_sirius-fs-upload-1-vqtnrm5mtyif-1749373570985-000-49kk7df.jpg\"  width=\"728\" height=\"409\" alt=\"La d\u00e9faite en finale de Roland Garros a \u00e9t\u00e9 tr\u00e8s difficile \u00e0 dig\u00e9rer pour la nu\u00e9mro 1\u00a0mondiale Aryna Sabalenka, battue en trois sets par sa dauphine au classement WTA, Coco Gauff.\"\/>  <\/p>\n<p>DIMITAR DILKOFF \/ AFP<\/p>\n<p>La d\u00e9faite en finale de Roland Garros a \u00e9t\u00e9 tr\u00e8s difficile \u00e0 dig\u00e9rer pour la nu\u00e9mro 1\u00a0mondiale Aryna Sabalenka, battue en trois sets par sa dauphine au classement WTA, Coco Gauff.<\/p>\n<p class=\"asset asset-text\">ROLAND-GARROS &#8211; Que ce soit pendant ou apr\u00e8s la finale, la championne n\u2019y \u00e9tait pas. Au lendemain de sa <a href=\"https:\/\/www.huffingtonpost.fr\/sport\/video\/finale-roland-garros-coco-gauff-l-emporte-en-surclassant-aryna-sabalenka-numero-1-mondiale_251063.html\" target=\"_blank\" rel=\"noopener\">d\u00e9faite am\u00e8re en finale du tournoi f\u00e9minin de Roland Garros<\/a>, la num\u00e9ro\u00a01\u00a0mondiale Aryna Sabalenka a tent\u00e9 de mettre des mots sur la mani\u00e8re dont elle a laiss\u00e9 passer cette finale contre <a href=\"https:\/\/www.huffingtonpost.fr\/sport\/article\/a-roland-garros-lois-boisson-s-ecroule-face-a-coco-gauff-numero-2-mondiale_250991.html\" target=\"_blank\" rel=\"noopener\">l\u2019Am\u00e9ricaine Coco Gauff<\/a>.<\/p>\n<p class=\"asset asset-text\">En conf\u00e9rence de presse samedi soir, <a href=\"https:\/\/www.huffingtonpost.fr\/sport\/article\/a-roland-garros-aryna-sabalenka-numero-1-mondiale-regrette-l-absence-de-femmes-aux-night-sessions_250893.html\" target=\"_blank\" rel=\"noopener\">la championne bi\u00e9lorusse<\/a> battue 7-6, 2-6, 4-6 sur le <a href=\"https:\/\/www.huffingtonpost.fr\/sport\/video\/lois-boisson-eliminee-de-roland-garros-le-ciel-est-tombe-sur-la-tete-de-ses-supporters-dans-la-fan-zone_251000.html\" target=\"_blank\" rel=\"noopener\">court central de Roland Garros<\/a> est revenue sur sa mauvaise gestion mentale de l\u2019\u00e9v\u00e9nement. Non sans une solution radicale pour amorcer la suite de sa saison. \u00ab\u00a0En finale, j\u2019ai jou\u00e9 mon plus mauvais tennis depuis je ne sais pas combien de mois (&#8230;) Je crois que c\u2019est la pire finale que j\u2019ai jamais jou\u00e9e\u00a0\u00bb, a d\u2019ailleurs reconnu d\u2019embl\u00e9e la patronne du circuit f\u00e9minin.<\/p>\n<p class=\"asset asset-text\">La Bi\u00e9lorusse a aussi beaucoup \u00e9voqu\u00e9 la pr\u00e9sence du \u00ab\u00a0vent\u00a0\u00bb et son trop-plein d\u2019\u00e9motions durant cette finale pour expliquer sa d\u00e9faite. \u00ab\u00a0Aujourd\u2019hui, je ne me suis pas bien g\u00e9r\u00e9e mentalement. J\u2019ai mal servi et j\u2019ai fait des fautes directes. Il faut que je v\u00e9rifie les statistiques. Elle a gagn\u00e9 le match mais pas uniquement parce qu\u2019elle a jou\u00e9 incroyablement bien, aussi parce que j\u2019ai fait toutes ces erreurs, notamment sur des balles faciles\u00a0\u00bb, a-t-elle l\u00e2ch\u00e9.<\/p>\n<p>    \u00ab\u00a0Vol pour Mykonos\u00a0\u00bb    <\/p>\n<p class=\"asset asset-text\">\u00ab\u00a0Il va falloir que je mette les choses en perspective pour essayer de tirer les le\u00e7ons, parce que je ne peux pas aller \u00e0 chaque fois en finale contre elle en Grand Chelem et mal jouer en lui donnant des victoires non pas faciles, mais \u00e0 cause du c\u00f4t\u00e9 \u00e9motionnel\u00a0\u00bb, poursuit la tenniswoman de 27\u00a0ans, qui a donc un plan singulier pour rapidement basculer sur la pr\u00e9paration du prochain tournoi du Grand Chelem. \u00c0 savoir, Wimbledon.<\/p>\n<p class=\"asset asset-text\">Car lorsqu\u2019elle est interrog\u00e9e sur son d\u00e9sir d\u2019analyser la d\u00e9faite ou de passer rapidement \u00e0 autre chose, sa r\u00e9ponse est sans subterfuge\u00a0: \u00ab\u00a0J\u2019ai d\u00e9j\u00e0 un vol pour Mykonos et je pr\u00e9vois de l\u2019alcool et du sucre. J\u2019ai juste besoin de deux jours pour oublier la folie de ce monde et cette chose folle qui s\u2019est produite aujourd\u2019hui\u00a0\u00bb. Avant d\u2019ajouter que si elle pouvait parler librement, elle l\u00e2cherait \u00ab\u00a0un gros mot\u00a0\u00bb. \u00ab\u00a0Je pense que tout le monde comprendra que j\u2019essaie de rester polie\u00a0\u00bb, a-t-elle souffl\u00e9 avec crispation.<\/p>\n<p class=\"asset asset-text\">Son planning est donc clair pour les prochains jours. \u00ab\u00a0De la tequila, des petits oursons en g\u00e9latine, de la natation, faire la touriste pendant quelques jours\u00a0\u00bb, d\u00e9crit-elle, alors que le poids de la d\u00e9faite semble l\u2019avoir particuli\u00e8rement affect\u00e9 cette ann\u00e9e. \u00c0 l\u2019instar de plusieurs d\u00e9clarations, tr\u00e8s dures contre elle-m\u00eame\u00a0: \u00ab\u00a0Je pense que si Iga (Swiatek) avait gagn\u00e9 contre moi en demi-finale, elle serait all\u00e9e sur le court et aurait gagn\u00e9 aujourd\u2019hui\u00a0\u00bb ou encore \u00ab\u00a0C\u2019est le pire match que j\u2019ai jou\u00e9 depuis deux mois. Je ne peux plus faire \u00e7a lors d\u2019une finale\u00a0\u00bb.<\/p>\n","protected":false},"excerpt":{"rendered":"DIMITAR DILKOFF \/ AFP La d\u00e9faite en finale de Roland Garros a \u00e9t\u00e9 tr\u00e8s difficile \u00e0 dig\u00e9rer pour&hellip;\n","protected":false},"author":2,"featured_media":160840,"comment_status":"","ping_status":"","sticky":false,"template":"","format":"standard","meta":{"footnotes":""},"categories":[2],"tags":[11,1011,27,12,25,4171,517,29249,1467],"class_list":{"0":"post-160839","1":"post","2":"type-post","3":"status-publish","4":"format-standard","5":"has-post-thumbnail","7":"category-actualites","8":"tag-actualites","9":"tag-fr","10":"tag-france","11":"tag-news","12":"tag-republique-francaise","13":"tag-roland-garros","14":"tag-sport","15":"tag-sport-feminin","16":"tag-tennis"},"share_on_mastodon":{"url":"https:\/\/pubeurope.com\/@fr\/114647649809472198","error":""},"_links":{"self":[{"href":"https:\/\/www.europesays.com\/fr\/wp-json\/wp\/v2\/posts\/160839","targetHints":{"allow":["GET"]}}],"collection":[{"href":"https:\/\/www.europesays.com\/fr\/wp-json\/wp\/v2\/posts"}],"about":[{"href":"https:\/\/www.europesays.com\/fr\/wp-json\/wp\/v2\/types\/post"}],"author":[{"embeddable":true,"href":"https:\/\/www.europesays.com\/fr\/wp-json\/wp\/v2\/users\/2"}],"replies":[{"embeddable":true,"href":"https:\/\/www.europesays.com\/fr\/wp-json\/wp\/v2\/comments?post=160839"}],"version-history":[{"count":0,"href":"https:\/\/www.europesays.com\/fr\/wp-json\/wp\/v2\/posts\/160839\/revisions"}],"wp:featuredmedia":[{"embeddable":true,"href":"https:\/\/www.europesays.com\/fr\/wp-json\/wp\/v2\/media\/160840"}],"wp:attachment":[{"href":"https:\/\/www.europesays.com\/fr\/wp-json\/wp\/v2\/media?parent=160839"}],"wp:term":[{"taxonomy":"category","embeddable":true,"href":"https:\/\/www.europesays.com\/fr\/wp-json\/wp\/v2\/categories?post=160839"},{"taxonomy":"post_tag","embeddable":true,"href":"https:\/\/www.europesays.com\/fr\/wp-json\/wp\/v2\/tags?post=160839"}],"curies":[{"name":"wp","href":"https:\/\/api.w.org\/{rel}","templated":true}]}}