{"id":160861,"date":"2025-06-08T12:16:16","date_gmt":"2025-06-08T12:16:16","guid":{"rendered":"https:\/\/www.europesays.com\/fr\/160861\/"},"modified":"2025-06-08T12:16:16","modified_gmt":"2025-06-08T12:16:16","slug":"cest-parti-pour-la-seconde-edition-du-prix-des-mangeurs-de-livres","status":"publish","type":"post","link":"https:\/\/www.europesays.com\/fr\/160861\/","title":{"rendered":"c\u2019est parti pour la seconde \u00e9dition du prix des Mangeurs de livres"},"content":{"rendered":"<p>A Pontlevoy, la librairie Mangeurs de Livres n\u2019est plus \u00e0 pr\u00e9senter. Devant l\u2019enthousiasme suscit\u00e9 par l\u2019\u00e9dition pr\u00e9c\u00e9dente, Julien V\u00e9ron, son propri\u00e9taire, vient de lancer la seconde \u00e9dition de son prix litt\u00e9raire, le prix des Mangeurs de livres.\u00a0Accessible \u00e0 tous les lecteurs, la seule contrainte est de lire entre juin et septembre les 4\u00a0livres s\u00e9lectionn\u00e9s\u00a0: La mal\u00e9diction&#8230; <\/p>\n<p>    Cet article a \u00e9t\u00e9 tronqu\u00e9. Abonnez-vous pour lire l&rsquo;article complet sur notre site.<\/p>\n<p style=\"margin: 0 !important; padding: 0 !important; font-size: 12px !important;\">Cet article a \u00e9t\u00e9 tronqu\u00e9. Abonnez-vous pour lire l&rsquo;article complet.<\/p>\n<p>    <a href=\"https:\/\/www.lanouvellerepublique.fr\/abonnements\" style=\"display: inline-block; margin-top: 5px !important; padding: 6px 12px !important; background: #cb1c27; color: white; text-decoration: none; border-radius: 4px; font-size: 12px !important;\" rel=\"nofollow noopener\" target=\"_blank\"><br \/>\n      S&rsquo;abonner<br \/>\n    <\/a><\/p>\n","protected":false},"excerpt":{"rendered":"A Pontlevoy, la librairie Mangeurs de Livres n\u2019est plus \u00e0 pr\u00e9senter. Devant l\u2019enthousiasme suscit\u00e9 par l\u2019\u00e9dition pr\u00e9c\u00e9dente, Julien&hellip;\n","protected":false},"author":2,"featured_media":160862,"comment_status":"","ping_status":"","sticky":false,"template":"","format":"standard","meta":{"footnotes":""},"categories":[1357],"tags":[1379,1674,58,59,1011,27,1380,29250],"class_list":{"0":"post-160861","1":"post","2":"type-post","3":"status-publish","4":"format-standard","5":"has-post-thumbnail","7":"category-livres","8":"tag-books","9":"tag-communes","10":"tag-divertissement","11":"tag-entertainment","12":"tag-fr","13":"tag-france","14":"tag-livres","15":"tag-pontlevoy"},"share_on_mastodon":{"url":"https:\/\/pubeurope.com\/@fr\/114647701526925732","error":""},"_links":{"self":[{"href":"https:\/\/www.europesays.com\/fr\/wp-json\/wp\/v2\/posts\/160861","targetHints":{"allow":["GET"]}}],"collection":[{"href":"https:\/\/www.europesays.com\/fr\/wp-json\/wp\/v2\/posts"}],"about":[{"href":"https:\/\/www.europesays.com\/fr\/wp-json\/wp\/v2\/types\/post"}],"author":[{"embeddable":true,"href":"https:\/\/www.europesays.com\/fr\/wp-json\/wp\/v2\/users\/2"}],"replies":[{"embeddable":true,"href":"https:\/\/www.europesays.com\/fr\/wp-json\/wp\/v2\/comments?post=160861"}],"version-history":[{"count":0,"href":"https:\/\/www.europesays.com\/fr\/wp-json\/wp\/v2\/posts\/160861\/revisions"}],"wp:featuredmedia":[{"embeddable":true,"href":"https:\/\/www.europesays.com\/fr\/wp-json\/wp\/v2\/media\/160862"}],"wp:attachment":[{"href":"https:\/\/www.europesays.com\/fr\/wp-json\/wp\/v2\/media?parent=160861"}],"wp:term":[{"taxonomy":"category","embeddable":true,"href":"https:\/\/www.europesays.com\/fr\/wp-json\/wp\/v2\/categories?post=160861"},{"taxonomy":"post_tag","embeddable":true,"href":"https:\/\/www.europesays.com\/fr\/wp-json\/wp\/v2\/tags?post=160861"}],"curies":[{"name":"wp","href":"https:\/\/api.w.org\/{rel}","templated":true}]}}