{"id":160877,"date":"2025-06-08T12:25:08","date_gmt":"2025-06-08T12:25:08","guid":{"rendered":"https:\/\/www.europesays.com\/fr\/160877\/"},"modified":"2025-06-08T12:25:08","modified_gmt":"2025-06-08T12:25:08","slug":"israel-ordonne-a-larmee-dempecher-larrivee-a-gaza-du-bateau-humanitaire-dans-lequel-se-trouve-rima-hassan","status":"publish","type":"post","link":"https:\/\/www.europesays.com\/fr\/160877\/","title":{"rendered":"Isra\u00ebl ordonne \u00e0 l\u2019arm\u00e9e d\u2019emp\u00eacher l\u2019arriv\u00e9e \u00e0 Gaza du bateau humanitaire dans lequel se trouve Rima Hassan"},"content":{"rendered":"<p>Un \u00e9quipage de douze activistes propalestiniens esp\u00e8re acc\u00e9der \u00e0 l\u2019enclave gazaouie par la mer et ouvrir un \u00abcorridor maritime\u00bb. Greta Thunberg fait \u00e9galement partie des passagers.<\/p>\n<p class=\"fig-paragraph\">Isra\u00ebl ordonne \u00e0 l&rsquo;arm\u00e9e d&#8217;emp\u00eacher l&rsquo;arriv\u00e9e dans la\u00a0<a href=\"http:\/\/www.lefigaro.fr\/international\/c-est-la-loi-de-la-jungle-dans-la-bande-de-gaza-la-distribution-humanitaire-vire-encore-au-bain-de-sang-20250603\" target=\"_blank\" data-fig-type=\"Article\" rel=\"noopener nofollow\" data-gtm-custom-categorie=\"navigation\" data-gtm-custom-action=\"crossclick\" data-gtm-custom-label=\"Contextuel\" data-gtm-event=\"customEventSPE\" data-fig-domain=\"LEFIGARO\">bande de Gaza<\/a>\u00a0d&rsquo;un\u00a0<a href=\"http:\/\/www.lefigaro.fr\/politique\/comment-se-deroule-le-voyage-de-greta-thunberg-et-rima-hassan-en-route-vers-gaza-a-bord-d-un-voilier-20250603\" target=\"_blank\" data-fig-type=\"Article\" rel=\"noopener nofollow\" data-gtm-custom-categorie=\"navigation\" data-gtm-custom-action=\"crossclick\" data-gtm-custom-label=\"Contextuel\" data-gtm-event=\"customEventSPE\" data-fig-domain=\"LEFIGARO\">navire humanitaire de militants<\/a>, a fait savoir le ministre isra\u00e9lien de la D\u00e9fense Isra\u00ebl Katz. Le Madleen, un voilier de la Coalition de la flottille pour la libert\u00e9, est parti le 1er juin de Sicile en direction de Gaza pour apporter de l\u2019aide humanitaire et \u00abbriser le blocus isra\u00e9lien\u00bb impos\u00e9 au territoire palestinien menac\u00e9 de famine selon l\u2019ONU.<\/p>\n<p class=\"fig-paragraph\">\u00abJ\u2019ai donn\u00e9 pour instruction \u00e0 Tsahal d\u2019emp\u00eacher le navire Madleen d\u2019atteindre Gaza. \u00c0 Greta l\u2019antis\u00e9mite et \u00e0 ses compagnons, porte-voix de la propagande du (mouvement islamiste palestinien) Hamas, je dis clairement: faites demi-tour car vous n\u2019arriverez pas \u00e0 Gaza\u00bb, a d\u00e9clar\u00e9 le ministre dans un communiqu\u00e9 de son bureau.<\/p>\n<p class=\"fig-paragraph\">\u00abL\u2019\u00c9tat d\u2019Isra\u00ebl ne permettra \u00e0 personne de briser le blocus maritime de Gaza, dont l\u2019objectif principal est d\u2019emp\u00eacher le transfert d\u2019armes au Hamas, une organisation terroriste meurtri\u00e8re qui d\u00e9tient nos otages et commet des crimes de guerre, a-t-il ajout\u00e9. \u00abIsra\u00ebl agira contre toute tentative de briser le blocus ou d\u2019aider des organisations terroristes, par mer, par air ou par terre.\u00bb<\/p>\n<p>Six Fran\u00e7ais \u00e0 bord<\/p>\n<p class=\"fig-paragraph\">Six Fran\u00e7ais sont pr\u00e9sents sur ce bateau affr\u00e9t\u00e9 par la Coalition de la flottille pour la libert\u00e9 (Freedom Flotilla Coalition), un mouvement pro-Palestinien n\u00e9 en 2010.\u00a0<a href=\"http:\/\/www.lefigaro.fr\/politique\/egerie-melenchoniste-et-figure-islamogauchiste-la-sulfureuse-rima-hassan-20250312\" target=\"_blank\" data-fig-type=\"Article\" rel=\"noopener nofollow\" data-gtm-custom-categorie=\"navigation\" data-gtm-custom-action=\"crossclick\" data-gtm-custom-label=\"Contextuel\" data-gtm-event=\"customEventSPE\" data-fig-domain=\"LEFIGARO\">Rima Hassan<\/a>, l\u2019eurod\u00e9put\u00e9e LFI proche de Jean-Luc M\u00e9lenchon, est la personnalit\u00e9 embl\u00e9matique du groupe. Autour d\u2019elle, se trouvent deux journalistes, Yanis Mhadi et Omar Faiad, qui travaillent respectivement pour le m\u00e9dia en ligne de gauche Blast et la cha\u00eene Al-Jazeera.<\/p>\n<p class=\"fig-paragraph\">Plusieurs activistes fran\u00e7ais sont \u00e9galement du voyage\u00a0: Pascal Maurieras, un marin encart\u00e9 \u00e0 la CGT, Reva Viard, un militant \u00e9cologiste anti-A69, rest\u00e9 perch\u00e9 39 jours en 2024 en haut d\u2019un platane pour s\u2019opposer \u00e0 son abattage, et Baptiste Andr\u00e9, pr\u00e9sent\u00e9 comme m\u00e9decin. Le reste de l\u2019\u00e9quipage est multinational, on y trouve la Su\u00e9doise\u00a0<a href=\"http:\/\/www.lefigaro.fr\/international\/de-l-ecologie-a-la-palestine-greta-thunberg-embrasse-les-combats-intersectionnels-de-la-gauche-20231129\" target=\"_blank\" data-fig-type=\"Article\" rel=\"noopener nofollow\" data-gtm-custom-categorie=\"navigation\" data-gtm-custom-action=\"crossclick\" data-gtm-custom-label=\"Contextuel\" data-gtm-event=\"customEventSPE\" data-fig-domain=\"LEFIGARO\">Greta Thunberg<\/a>, une Allemande, un Hollandais, un Br\u00e9silien, un Turc et un Espagnol, tous d\u00e9vou\u00e9s \u00e0 la cause palestinienne.<\/p>\n<p class=\"fig-paragraph\">Les organisateurs de cette exp\u00e9dition \u00e0 bord du Madleen avaient indiqu\u00e9 samedi avoir atteint les c\u00f4tes \u00e9gyptiennes et se rapprocher de la bande de Gaza o\u00f9 la guerre entre Isra\u00ebl et le Hamas est entr\u00e9e dans son 21e mois.<\/p>\n","protected":false},"excerpt":{"rendered":"Un \u00e9quipage de douze activistes propalestiniens esp\u00e8re acc\u00e9der \u00e0 l\u2019enclave gazaouie par la mer et ouvrir un \u00abcorridor&hellip;\n","protected":false},"author":2,"featured_media":160878,"comment_status":"","ping_status":"","sticky":false,"template":"","format":"standard","meta":{"footnotes":""},"categories":[5],"tags":[259,11,260,4628,1011,27,14,664,261,12,262,28],"class_list":{"0":"post-160877","1":"post","2":"type-post","3":"status-publish","4":"format-standard","5":"has-post-thumbnail","7":"category-international","8":"tag-actualite-internationale","9":"tag-actualites","10":"tag-affaires-etrangeres","11":"tag-bande-de-gaza","12":"tag-fr","13":"tag-france","14":"tag-international","15":"tag-israel","16":"tag-ministere-des-affaires-etrangeres","17":"tag-news","18":"tag-politique-etrangere","19":"tag-world"},"share_on_mastodon":{"url":"https:\/\/pubeurope.com\/@fr\/114647736204962577","error":""},"_links":{"self":[{"href":"https:\/\/www.europesays.com\/fr\/wp-json\/wp\/v2\/posts\/160877","targetHints":{"allow":["GET"]}}],"collection":[{"href":"https:\/\/www.europesays.com\/fr\/wp-json\/wp\/v2\/posts"}],"about":[{"href":"https:\/\/www.europesays.com\/fr\/wp-json\/wp\/v2\/types\/post"}],"author":[{"embeddable":true,"href":"https:\/\/www.europesays.com\/fr\/wp-json\/wp\/v2\/users\/2"}],"replies":[{"embeddable":true,"href":"https:\/\/www.europesays.com\/fr\/wp-json\/wp\/v2\/comments?post=160877"}],"version-history":[{"count":0,"href":"https:\/\/www.europesays.com\/fr\/wp-json\/wp\/v2\/posts\/160877\/revisions"}],"wp:featuredmedia":[{"embeddable":true,"href":"https:\/\/www.europesays.com\/fr\/wp-json\/wp\/v2\/media\/160878"}],"wp:attachment":[{"href":"https:\/\/www.europesays.com\/fr\/wp-json\/wp\/v2\/media?parent=160877"}],"wp:term":[{"taxonomy":"category","embeddable":true,"href":"https:\/\/www.europesays.com\/fr\/wp-json\/wp\/v2\/categories?post=160877"},{"taxonomy":"post_tag","embeddable":true,"href":"https:\/\/www.europesays.com\/fr\/wp-json\/wp\/v2\/tags?post=160877"}],"curies":[{"name":"wp","href":"https:\/\/api.w.org\/{rel}","templated":true}]}}