{"id":16088,"date":"2025-04-10T23:35:13","date_gmt":"2025-04-10T23:35:13","guid":{"rendered":"https:\/\/www.europesays.com\/fr\/16088\/"},"modified":"2025-04-10T23:35:13","modified_gmt":"2025-04-10T23:35:13","slug":"nice-organise-le-premier-festival-de-films-fabriques-a-laide-de-lintelligence-artificielle","status":"publish","type":"post","link":"https:\/\/www.europesays.com\/fr\/16088\/","title":{"rendered":"Nice organise le premier festival de films fabriqu\u00e9s \u00e0 l\u2019aide de l\u2019intelligence artificielle"},"content":{"rendered":"<p class=\"paragraph text_align_left\">Curly, un petit h\u00e9risson qui veut remplacer ses \u00e9pines par de jolies boucles fris\u00e9es, remportera-t-il un prix ? Apr\u00e8s 72 heures de travail et la cr\u00e9ation de 137 plans derri\u00e8re son ordinateur, Nicolas Prudent, un quinquag\u00e9naire de Roquefort-les-Pins, est l\u2019un des heureux s\u00e9lectionn\u00e9s du <a href=\"https:\/\/worldaifilmfestival.com\/\" target=\"_blank\" rel=\"noopener\">World A.I. Film Festival (WAIFF)<\/a> qui d\u00e9bute ce vendredi soir \u00e0 Nice.<\/p>\n<p class=\"paragraph text_align_left\">En r\u00e9compensant notamment les meilleurs petits films r\u00e9alis\u00e9s gr\u00e2ce \u00e0 l\u2019intelligence artificielle, l\u2019\u00e9v\u00e9nement de deux jours, lanc\u00e9 par le d\u00e9partement des <a href=\"https:\/\/www.leparisien.fr\/alpes-maritimes-06\/\" target=\"_blank\" rel=\"noopener\">Alpes-Maritimes<\/a>, entend montrer que cette technologie et la puissance cr\u00e9ative du cin\u00e9ma n\u2019ont rien d\u2019incompatible\u2026 tout en \u00e9loignant les id\u00e9es re\u00e7ues et les craintes.<\/p>\n<p class=\"paragraph text_align_left\">\u00ab Il serait dangereux de refuser l\u2019IA qui ne remplacera pas l\u2019imagination. Il faut la ma\u00eetriser, tenter de la comprendre et oser l\u2019utiliser car elle va transformer cette industrie \u00bb, dit le pr\u00e9sident du Festival, Marco Landi, dirigeant de l\u2019Institut EuropIA, un ancien haut responsable d\u2019Apple.<\/p>\n<p>Julie Gayet et Claude Lelouch dans le jury<\/p>\n<p class=\"paragraph text_align_left\">Un jury de sp\u00e9cialistes de l\u2019<a href=\"https:\/\/www.leparisien.fr\/high-tech\/intelligence-artificielle\/\" target=\"_blank\" rel=\"noopener\">intelligence artificielle<\/a>, mais aussi du Septi\u00e8me art et de la t\u00e9l\u00e9vision comme <a href=\"https:\/\/www.leparisien.fr\/culture-loisirs\/tv\/elle-etait-qualifiee-de-fille-facile-olympe-de-gouges-pionniere-du-feminisme-au-coeur-dun-telefilm-02-03-2025-SWWPA2DDLZE3HO7ABSKVYX6RWI.php\" target=\"_blank\" rel=\"noopener\">Julie Gayet<\/a>, <a href=\"https:\/\/www.leparisien.fr\/culture-loisirs\/cinema\/valerie-perrin-et-claude-lelouch-notre-histoire-damour-sest-construite-sur-ladmiration-11-11-2024-PC33EW7ZRFCFNNFA56YCZZMVUQ.php\" target=\"_blank\" rel=\"noopener\">Claude Lelouch<\/a>, Alexia Laroche-Joubert ou Jean-David Blanc, fondateur d\u2019AlloCin\u00e9 et de Molotov, a planch\u00e9 sur 1 500 courts-m\u00e9trages re\u00e7us du monde entier.<\/p>\n<p class=\"paragraph text_align_left\">Vendredi, les personnalit\u00e9s prendront part \u00e9galement, avant la c\u00e9r\u00e9monie publique de remise des prix, au proc\u00e8s fictif de l\u2019IA retransmis dans cinq salles du Path\u00e9 Gare du Sud de Nice et sur la plate-forme Cuult. Samedi, les professionnels participeront \u00e0 plusieurs tables rondes afin d\u2019\u00e9tablir un document de travail sur les bonnes pratiques et l\u2019impact de l\u2019IA.<\/p>\n<p class=\"paragraph text_align_left\">Le Festival, appel\u00e9 \u00e0 devenir un rendez-vous r\u00e9current sur la C\u00f4te d\u2019Azur, pourrait \u00e9galement s\u2019installer \u00e0 l\u2019\u00e9tranger selon Marco Landi : des communes chinoise, japonaise et italienne ont exprim\u00e9 leur int\u00e9r\u00eat pour cette manifestation. World AI Film Festival (WAiFF), les 11 et 12 avril, \u00e0 Nice (Alpes-Maritimes). https:\/\/worldaifilmfestival.com\/programme\/<\/p>\n","protected":false},"excerpt":{"rendered":"Curly, un petit h\u00e9risson qui veut remplacer ses \u00e9pines par de jolies boucles fris\u00e9es, remportera-t-il un prix ?&hellip;\n","protected":false},"author":2,"featured_media":16089,"comment_status":"","ping_status":"","sticky":false,"template":"","format":"standard","meta":{"footnotes":""},"categories":[2819],"tags":[1111,917,11,6657,872,459,1777,674,1011,27,12,2401,882,25],"class_list":{"0":"post-16088","1":"post","2":"type-post","3":"status-publish","4":"format-standard","5":"has-post-thumbnail","7":"category-nice","8":"tag-actu","9":"tag-actu-locale","10":"tag-actualites","11":"tag-alpes-maritimes-06","12":"tag-culture-et-loisirs","13":"tag-departements-horsidfo","14":"tag-eu","15":"tag-europe","16":"tag-fr","17":"tag-france","18":"tag-news","19":"tag-nice","20":"tag-provence-alpes-cote-dazur","21":"tag-republique-francaise"},"share_on_mastodon":{"url":"https:\/\/pubeurope.com\/@fr\/114316294392384857","error":""},"_links":{"self":[{"href":"https:\/\/www.europesays.com\/fr\/wp-json\/wp\/v2\/posts\/16088","targetHints":{"allow":["GET"]}}],"collection":[{"href":"https:\/\/www.europesays.com\/fr\/wp-json\/wp\/v2\/posts"}],"about":[{"href":"https:\/\/www.europesays.com\/fr\/wp-json\/wp\/v2\/types\/post"}],"author":[{"embeddable":true,"href":"https:\/\/www.europesays.com\/fr\/wp-json\/wp\/v2\/users\/2"}],"replies":[{"embeddable":true,"href":"https:\/\/www.europesays.com\/fr\/wp-json\/wp\/v2\/comments?post=16088"}],"version-history":[{"count":0,"href":"https:\/\/www.europesays.com\/fr\/wp-json\/wp\/v2\/posts\/16088\/revisions"}],"wp:featuredmedia":[{"embeddable":true,"href":"https:\/\/www.europesays.com\/fr\/wp-json\/wp\/v2\/media\/16089"}],"wp:attachment":[{"href":"https:\/\/www.europesays.com\/fr\/wp-json\/wp\/v2\/media?parent=16088"}],"wp:term":[{"taxonomy":"category","embeddable":true,"href":"https:\/\/www.europesays.com\/fr\/wp-json\/wp\/v2\/categories?post=16088"},{"taxonomy":"post_tag","embeddable":true,"href":"https:\/\/www.europesays.com\/fr\/wp-json\/wp\/v2\/tags?post=16088"}],"curies":[{"name":"wp","href":"https:\/\/api.w.org\/{rel}","templated":true}]}}