{"id":160890,"date":"2025-06-08T12:33:10","date_gmt":"2025-06-08T12:33:10","guid":{"rendered":"https:\/\/www.europesays.com\/fr\/160890\/"},"modified":"2025-06-08T12:33:10","modified_gmt":"2025-06-08T12:33:10","slug":"il-va-faire-jusqua-35c-grand-soleil-mais-vent-violent-ce-dimanche-dans-le-var","status":"publish","type":"post","link":"https:\/\/www.europesays.com\/fr\/160890\/","title":{"rendered":"Il va faire jusqu&rsquo;\u00e0 35\u00b0C: grand soleil mais vent violent ce dimanche dans le Var"},"content":{"rendered":"<p>Le <strong>soleil<\/strong> brillera du matin au soir sur l&rsquo;ensemble du d\u00e9partement du <strong>Var<\/strong>, ce dimanche 8 juin.\u00a0<\/p>\n<p>Le <strong>vent<\/strong> soufflera toute la journ\u00e9e sur la totalit\u00e9 du territoire. Les plus fortes rafales atteindront <strong>70km\/h<\/strong> \u00e0 Fr\u00e9jus et Puget-Ville ainsi que 60km\/h \u00e0 Toulon et Hy\u00e8res.\u00a0<\/p>\n<p>C\u00f4t\u00e9 temp\u00e9ratures, il fera entre 11\u00b0C et 27\u00b0C dans la matin\u00e9e puis jusqu&rsquo;\u00e0 <strong>35\u00b0C \u00e0 Fr\u00e9jus\u00a0<\/strong>au plus chaud de la journ\u00e9e, soit 8\u00b0C au-dessus de la normale de saison.\u00a0<\/p>\n","protected":false},"excerpt":{"rendered":"Le soleil brillera du matin au soir sur l&rsquo;ensemble du d\u00e9partement du Var, ce dimanche 8 juin.\u00a0 Le&hellip;\n","protected":false},"author":2,"featured_media":160891,"comment_status":"","ping_status":"","sticky":false,"template":"","format":"standard","meta":{"footnotes":""},"categories":[9619],"tags":[1111,11,1777,674,1011,27,2487,12,882,25,2310],"class_list":{"0":"post-160890","1":"post","2":"type-post","3":"status-publish","4":"format-standard","5":"has-post-thumbnail","7":"category-toulon","8":"tag-actu","9":"tag-actualites","10":"tag-eu","11":"tag-europe","12":"tag-fr","13":"tag-france","14":"tag-meteo","15":"tag-news","16":"tag-provence-alpes-cote-dazur","17":"tag-republique-francaise","18":"tag-toulon"},"share_on_mastodon":{"url":"https:\/\/pubeurope.com\/@fr\/114647767690195570","error":""},"_links":{"self":[{"href":"https:\/\/www.europesays.com\/fr\/wp-json\/wp\/v2\/posts\/160890","targetHints":{"allow":["GET"]}}],"collection":[{"href":"https:\/\/www.europesays.com\/fr\/wp-json\/wp\/v2\/posts"}],"about":[{"href":"https:\/\/www.europesays.com\/fr\/wp-json\/wp\/v2\/types\/post"}],"author":[{"embeddable":true,"href":"https:\/\/www.europesays.com\/fr\/wp-json\/wp\/v2\/users\/2"}],"replies":[{"embeddable":true,"href":"https:\/\/www.europesays.com\/fr\/wp-json\/wp\/v2\/comments?post=160890"}],"version-history":[{"count":0,"href":"https:\/\/www.europesays.com\/fr\/wp-json\/wp\/v2\/posts\/160890\/revisions"}],"wp:featuredmedia":[{"embeddable":true,"href":"https:\/\/www.europesays.com\/fr\/wp-json\/wp\/v2\/media\/160891"}],"wp:attachment":[{"href":"https:\/\/www.europesays.com\/fr\/wp-json\/wp\/v2\/media?parent=160890"}],"wp:term":[{"taxonomy":"category","embeddable":true,"href":"https:\/\/www.europesays.com\/fr\/wp-json\/wp\/v2\/categories?post=160890"},{"taxonomy":"post_tag","embeddable":true,"href":"https:\/\/www.europesays.com\/fr\/wp-json\/wp\/v2\/tags?post=160890"}],"curies":[{"name":"wp","href":"https:\/\/api.w.org\/{rel}","templated":true}]}}