{"id":160898,"date":"2025-06-08T12:37:10","date_gmt":"2025-06-08T12:37:10","guid":{"rendered":"https:\/\/www.europesays.com\/fr\/160898\/"},"modified":"2025-06-08T12:37:10","modified_gmt":"2025-06-08T12:37:10","slug":"canteleu-va-accueillir-une-maison-de-sante-et-un-cabinet-paramedical-pour-favoriser-lacces-aux-soins","status":"publish","type":"post","link":"https:\/\/www.europesays.com\/fr\/160898\/","title":{"rendered":"Canteleu va accueillir une maison de sant\u00e9 et un cabinet param\u00e9dical pour favoriser l&rsquo;acc\u00e8s aux soins"},"content":{"rendered":"<p>            Par<br \/>\n        <strong><br \/>\n            <a href=\"https:\/\/actu.fr\/auteur\/fmass\" title=\"Consulter tous les articles de Fabien Massin\" target=\"_blank\" rel=\"noopener\">Fabien Massin<\/a><br \/>\n        <\/strong><\/p>\n<p>        Publi\u00e9 le<\/p>\n<p>            8 juin 2025 \u00e0 14h28        <\/p>\n<p>La sant\u00e9, pr\u00e9occupation majeure des Fran\u00e7ais, mais secteur en souffrance dans de nombreux territoires. Pour faire face aux d\u00e9fis actuels et \u00e0 venir, \u00e0 commencer par les d\u00e9parts de m\u00e9decins non remplac\u00e9s, et dans le but d\u2019assurer un acc\u00e8s aux soins pour tous, <strong>plusieurs projets sont en cours \u00e0 Canteleu<\/strong>, dans la <a href=\"https:\/\/actu.fr\/tag\/metropole-rouen\" target=\"_blank\" rel=\"noopener\">M\u00e9tropole de Rouen<\/a>.\u2009: un cabinet param\u00e9dical, une maison de sant\u00e9 et un espace accueillant des professionnels \u00e0 br\u00e8ve \u00e9ch\u00e9ance, en bas d\u2019un immeuble Habitat 76.<\/p>\n<p class=\" wall-content\">\u00ab\u00a0Nous assistons \u00e0 une rar\u00e9faction du nombre de m\u00e9decins, dans un contexte o\u00f9 <strong>une partie de la population est fragilis\u00e9e<\/strong>\u00a0et connait des probl\u00e8mes de mobilit\u00e9 pour acc\u00e9der aux soins, constate <a href=\"https:\/\/actu.fr\/normandie\/canteleu_76157\/tom-delahaye-nouveau-maire-de-canteleu-je-ne-suis-pas-la-marionnette-de-quelqu-un_60808265.html\" target=\"_blank\" rel=\"noopener\">Tom Delahaye, maire de Canteleu<\/a>, ville qui a mis \u00e0 disposition \u2014 pour un euro symbolique \u2014 deux terrains en vue de cr\u00e9er le cabinet param\u00e9dical et la maison de sant\u00e9.<\/p>\n<p>Un cabinet param\u00e9dical et une maison de sant\u00e9<\/p>\n<p class=\" wall-content\">\u200eLe cabinet param\u00e9dical est en cours d\u2019am\u00e9nagement avenue du Pr\u00e9sident Allende, sur une parcelle de 1\u2009096\u00a0m2 qui <strong>a \u00e9t\u00e9 acquise par deux porteurs de projet<\/strong>. Le b\u00e2timent de 270\u00a0m2\u00a0accueillera plusieurs cabinets\u2009: une sage-femme, une orthoptiste, trois infirmi\u00e8res, un p\u00e9dicure-podologue et un ost\u00e9opathe. L\u2019ouverture de cette structure est pr\u00e9vue pour le d\u00e9but de l\u2019ann\u00e9e 2026.<\/p>\n<p class=\" wall-content\">\u00ab\u2009Une convention de partenariat a \u00e9t\u00e9 sign\u00e9e entre la Ville et les porteurs du projet pour d\u00e9velopper des synergies<strong> visant \u00e0 promouvoir des comportements favorables \u00e0 la sant\u00e9\u2009<\/strong>: mise en place d\u2019actions de pr\u00e9vention et de promotion de la sant\u00e9, participation conjointe aux r\u00e9flexions et actions autour des questions de sant\u00e9 avec la Ville, etc.\u2009\u00bb, souligne le maire de Canteleu.<\/p>\n<p>    <img   decoding=\"async\" loading=\"lazy\" src=\"https:\/\/www.europesays.com\/fr\/wp-content\/uploads\/2025\/06\/tom-delahaye-maire-canteleu-960x640.jpg\" alt=\"Tom Delahaye, maire de Canteleu, dans son bureau, jeudi 5 juin 2025. \" width=\"960\" height=\"640\"\/><br \/>\n    Tom Delahaye, maire de Canteleu, dans son bureau, jeudi 5\u00a0juin 2025, soutient le projet de maison de sant\u00e9 et de cabinet param\u00e9dical. (\u00a9FM\/76actu)<\/p>\n<p class=\" wall-content\">Il y a ensuite le projet principal de <strong>maison de sant\u00e9 pluridisciplinaire<\/strong> sur l\u2019\u00celot Dumas, sur une parcelle de 1\u2009400 m\u00b2, qui accueillera des m\u00e9decins, mais aussi dans l\u2019id\u00e9al des dentistes, des ophtalmologistes, etc. \u00ab\u2009Il est \u00e0 noter que l\u2019Agence r\u00e9gionale de sant\u00e9 de Normandie a class\u00e9 comme zone d\u2019intervention prioritaire (ZIP) le Quartier Prioritaire de la politique de la Ville (QPV), \u00ab\u2009Canteleu Plateau\u2009\u00bb, dans lequel se trouvent les deux projets de cabinets m\u00e9dicaux, permettant ainsi aux professionnels de sant\u00e9 de b\u00e9n\u00e9ficier d\u2019aides \u00e0 l\u2019installation<strong> qui peuvent aller jusqu\u2019\u00e0 50\u2009000\u00a0euros<\/strong>, sans compter les possibilit\u00e9s d\u2019all\u00e8gements fiscaux en QPV\u2009\u00bb, pr\u00e9cise Tom Delahaye.<\/p>\n<p>Ouverture de cabinets d\u00e8s la fin de l\u2019ann\u00e9e<\/p>\n<p class=\" wall-content\">En parall\u00e8le et en attendant l\u2019arriv\u00e9e de la maison de sant\u00e9,<strong> en partenariat avec Habitat 76<\/strong>, la Ville de Canteleu va r\u00e9habiliter des locaux vides situ\u00e9s au rez-de-chauss\u00e9e de l\u2019immeuble \u00c9pic\u00e9a, \u00e0 proximit\u00e9 du parc Rosa-Bonheur et des transports en commun (ligne T3).<\/p>\n<p class=\" wall-content\">Le maire donne les contours du projet\u2009: \u00ab\u2009\u00c0 ce jour, les premi\u00e8res esquisses portent\u2009: soit sur un plateau d\u2019environ 200 m\u00b2, comprenant une borne d\u2019accueil, deux grands cabinets de 30 m\u00b2, deux cabinets suppl\u00e9mentaires pour l\u2019accueil de m\u00e9decins stagiaires, des espaces de repos confortables, un parking priv\u00e9 et s\u00e9curis\u00e9\u2009; soit sur un plateau plus minimaliste, d\u2019environ 150 m\u00b2, comprenant une borne d\u2019accueil r\u00e9duite, deux grands cabinets, un cabinet suppl\u00e9mentaire destin\u00e9 \u00e0 un stagiaire, une petite salle de repos.\u2009\u00bb<\/p>\n<p class=\" wall-content\">L\u2019ouverture est pr\u00e9vue pour la <strong>fin de l\u2019ann\u00e9e 2025<\/strong>. Ces cabinets ont vocation \u00e0 perdurer, m\u00eame quand la Maison de sant\u00e9 aura ouvert.<\/p>\n<p>Suivez l\u2019actualit\u00e9 de Rouen sur notre\u00a0<a href=\"https:\/\/www.whatsapp.com\/channel\/0029VaKfnf99hXF2ddApFB1D\" target=\"_blank\" rel=\"noopener\">cha\u00eene WhatsApp<\/a>\u00a0et sur notre\u00a0<a href=\"https:\/\/www.tiktok.com\/@76actu.fr?lang=fr\" target=\"_blank\" rel=\"noopener\">compte TikTok<\/a><\/p>\n<p class=\" wall-content\">Suivez toute l\u2019actualit\u00e9 de vos villes et m\u00e9dias favoris en vous inscrivant \u00e0 <a href=\"https:\/\/moncompte.actu.fr\" title=\"D\u00e9couvez Mon Actu\" rel=\"nofollow noopener\" data-trk=\"{&quot;cta&quot;:{&quot;action&quot;:&quot;https:\\\/\\\/moncompte.actu.fr&quot;,&quot;category&quot;:&quot;mon compte&quot;,&quot;from&quot;:&quot;article footer&quot;,&quot;name&quot;:&quot;Mon actu&quot;,&quot;type&quot;:&quot;cta&quot;}}\" target=\"_blank\">Mon Actu<\/a>.<\/p>\n<p>                    <script async src=\"\/\/www.tiktok.com\/embed.js\"><\/script><\/p>\n","protected":false},"excerpt":{"rendered":"Par Fabien Massin Publi\u00e9 le 8 juin 2025 \u00e0 14h28 La sant\u00e9, pr\u00e9occupation majeure des Fran\u00e7ais, mais secteur&hellip;\n","protected":false},"author":2,"featured_media":160899,"comment_status":"","ping_status":"","sticky":false,"template":"","format":"standard","meta":{"footnotes":""},"categories":[9587],"tags":[1111,11,16029,1777,674,1011,27,9725,12,5161,25,9590,71,104],"class_list":{"0":"post-160898","1":"post","2":"type-post","3":"status-publish","4":"format-standard","5":"has-post-thumbnail","7":"category-rouen","8":"tag-actu","9":"tag-actualites","10":"tag-desertification-medicale","11":"tag-eu","12":"tag-europe","13":"tag-fr","14":"tag-france","15":"tag-metropole-rouen","16":"tag-news","17":"tag-normandie","18":"tag-republique-francaise","19":"tag-rouen","20":"tag-sante","21":"tag-societe"},"share_on_mastodon":{"url":"https:\/\/pubeurope.com\/@fr\/114647783414643370","error":""},"_links":{"self":[{"href":"https:\/\/www.europesays.com\/fr\/wp-json\/wp\/v2\/posts\/160898","targetHints":{"allow":["GET"]}}],"collection":[{"href":"https:\/\/www.europesays.com\/fr\/wp-json\/wp\/v2\/posts"}],"about":[{"href":"https:\/\/www.europesays.com\/fr\/wp-json\/wp\/v2\/types\/post"}],"author":[{"embeddable":true,"href":"https:\/\/www.europesays.com\/fr\/wp-json\/wp\/v2\/users\/2"}],"replies":[{"embeddable":true,"href":"https:\/\/www.europesays.com\/fr\/wp-json\/wp\/v2\/comments?post=160898"}],"version-history":[{"count":0,"href":"https:\/\/www.europesays.com\/fr\/wp-json\/wp\/v2\/posts\/160898\/revisions"}],"wp:featuredmedia":[{"embeddable":true,"href":"https:\/\/www.europesays.com\/fr\/wp-json\/wp\/v2\/media\/160899"}],"wp:attachment":[{"href":"https:\/\/www.europesays.com\/fr\/wp-json\/wp\/v2\/media?parent=160898"}],"wp:term":[{"taxonomy":"category","embeddable":true,"href":"https:\/\/www.europesays.com\/fr\/wp-json\/wp\/v2\/categories?post=160898"},{"taxonomy":"post_tag","embeddable":true,"href":"https:\/\/www.europesays.com\/fr\/wp-json\/wp\/v2\/tags?post=160898"}],"curies":[{"name":"wp","href":"https:\/\/api.w.org\/{rel}","templated":true}]}}