{"id":160926,"date":"2025-06-08T12:56:10","date_gmt":"2025-06-08T12:56:10","guid":{"rendered":"https:\/\/www.europesays.com\/fr\/160926\/"},"modified":"2025-06-08T12:56:10","modified_gmt":"2025-06-08T12:56:10","slug":"geneve-des-trains-directs-vers-marseille-et-avignon-cet-ete","status":"publish","type":"post","link":"https:\/\/www.europesays.com\/fr\/160926\/","title":{"rendered":"Gen\u00e8ve. Des trains directs vers Marseille et Avignon cet \u00e9t\u00e9"},"content":{"rendered":"<p>Relier la cit\u00e9 de Calvin \u00e0 la cit\u00e9 phoc\u00e9enne en train et en moins de 3\u00a0h\u00a030, \u00e7a sera possible cet \u00e9t\u00e9. Du 28\u00a0juin au 24\u00a0ao\u00fbt, les Chemins de fer f\u00e9d\u00e9raux d\u00e9ploient plusieurs trains \u00e0 grande vitesse directs pour relier Lausanne \u00e0 Marseille, en passant par Gen\u00e8ve, Valserh\u00f4ne, Aix-en-Provence et Avignon.<\/p>\n<p>Fort de son succ\u00e8s l\u2019offre sera m\u00eame encore renforc\u00e9e en 2026 ont annonc\u00e9 les CFF et la SCNF dans un communiqu\u00e9. En plus de la saison estivale, d\u2019avril \u00e0 octobre, un TGV Lyria quotidien circulera ainsi du jeudi au lundi, entre le sud de la France les deux grandes villes suisses, avec des billets \u00e0 partir de 29\u00a0\u20ac.<\/p>\n","protected":false},"excerpt":{"rendered":"Relier la cit\u00e9 de Calvin \u00e0 la cit\u00e9 phoc\u00e9enne en train et en moins de 3\u00a0h\u00a030, \u00e7a sera&hellip;\n","protected":false},"author":2,"featured_media":160927,"comment_status":"","ping_status":"","sticky":false,"template":"","format":"standard","meta":{"footnotes":""},"categories":[2814],"tags":[1111,11,4634,4636,4637,1777,674,1011,27,10382,4638,884,12,882,25,2803],"class_list":{"0":"post-160926","1":"post","2":"type-post","3":"status-publish","4":"format-standard","5":"has-post-thumbnail","7":"category-marseille","8":"tag-actu","9":"tag-actualites","10":"tag-annemasse","11":"tag-annemasse-bassin","12":"tag-edition-grand-geneve-chablais-ain","13":"tag-eu","14":"tag-europe","15":"tag-fr","16":"tag-france","17":"tag-frontaliers","18":"tag-haute-savoie","19":"tag-marseille","20":"tag-news","21":"tag-provence-alpes-cote-dazur","22":"tag-republique-francaise","23":"tag-transport"},"share_on_mastodon":{"url":"https:\/\/pubeurope.com\/@fr\/114647858231390433","error":""},"_links":{"self":[{"href":"https:\/\/www.europesays.com\/fr\/wp-json\/wp\/v2\/posts\/160926","targetHints":{"allow":["GET"]}}],"collection":[{"href":"https:\/\/www.europesays.com\/fr\/wp-json\/wp\/v2\/posts"}],"about":[{"href":"https:\/\/www.europesays.com\/fr\/wp-json\/wp\/v2\/types\/post"}],"author":[{"embeddable":true,"href":"https:\/\/www.europesays.com\/fr\/wp-json\/wp\/v2\/users\/2"}],"replies":[{"embeddable":true,"href":"https:\/\/www.europesays.com\/fr\/wp-json\/wp\/v2\/comments?post=160926"}],"version-history":[{"count":0,"href":"https:\/\/www.europesays.com\/fr\/wp-json\/wp\/v2\/posts\/160926\/revisions"}],"wp:featuredmedia":[{"embeddable":true,"href":"https:\/\/www.europesays.com\/fr\/wp-json\/wp\/v2\/media\/160927"}],"wp:attachment":[{"href":"https:\/\/www.europesays.com\/fr\/wp-json\/wp\/v2\/media?parent=160926"}],"wp:term":[{"taxonomy":"category","embeddable":true,"href":"https:\/\/www.europesays.com\/fr\/wp-json\/wp\/v2\/categories?post=160926"},{"taxonomy":"post_tag","embeddable":true,"href":"https:\/\/www.europesays.com\/fr\/wp-json\/wp\/v2\/tags?post=160926"}],"curies":[{"name":"wp","href":"https:\/\/api.w.org\/{rel}","templated":true}]}}