{"id":160930,"date":"2025-06-08T12:58:13","date_gmt":"2025-06-08T12:58:13","guid":{"rendered":"https:\/\/www.europesays.com\/fr\/160930\/"},"modified":"2025-06-08T12:58:13","modified_gmt":"2025-06-08T12:58:13","slug":"une-vingtaine-de-moutons-sauves-dun-sacrifice-sauvage-un-individu-interpelle","status":"publish","type":"post","link":"https:\/\/www.europesays.com\/fr\/160930\/","title":{"rendered":"une vingtaine de moutons sauv\u00e9s d&rsquo;un sacrifice sauvage, un individu interpell\u00e9"},"content":{"rendered":"<p>Pr\u00e8s de Lyon : une vingtaine de moutons sauv\u00e9s d&rsquo;un sacrifice sauvage, un individu interpell\u00e9 &#8211; LyonMag<\/p>\n<p itemprop=\"description\"><strong>Difficile pour les autorit\u00e9s de veiller \u00e0 ce que les sacrifices sauvages ne puissent pas se d\u00e9rouler durant l&rsquo;A\u00efd-el-K\u00e9bir, c\u00e9l\u00e9br\u00e9 par les musulmans lyonnais depuis vendredi.<\/strong><\/p>\n<p>Car en dehors des deux abattoirs agr\u00e9\u00e9s du Rh\u00f4ne, il est strictement interdit de se procurer un mouton vivant puis de l&rsquo;\u00e9gorger soi-m\u00eame.<\/p>\n<p>Les forces de l&rsquo;ordre ont donc sillonn\u00e9 les r\u00e9seaux sociaux, \u00e0 la recherche d&rsquo;annonces de march\u00e9s clandestins d&rsquo;ovins. Ou attendu des d\u00e9nonciations de voisins.<\/p>\n<p>Et elles ont finalement mis la main sur une importante combine \u00e0 Grigny-sur-Rh\u00f4ne au sud de Lyon.<\/p>\n<p>Vendredi soir, un individu a \u00e9t\u00e9 surpris en flagrant d\u00e9lit en train de sacrifier des moutons sur un terrain priv\u00e9 de la rue Francis de Pressens\u00e9.<\/p>\n<p>Selon le Progr\u00e8s, le quinquag\u00e9naire disposait d&rsquo;une vingtaine de moutons, qui ont \u00e9t\u00e9 imm\u00e9diatement remis \u00e0 une association affili\u00e9e \u00e0 la SPA. Au moins trois transactions ont pu avoir lieu avant l&rsquo;intervention de la police, puisque des carcasses d&rsquo;animaux ont \u00e9t\u00e9 retrouv\u00e9es sur place.<\/p>\n<p>L&rsquo;individu a \u00e9t\u00e9 interpell\u00e9 et plac\u00e9 en garde \u00e0 vue. Pour acte de cruaut\u00e9 envers des animaux ayant entra\u00een\u00e9 la mort, il risque jusqu&rsquo;\u00e0 5 ans de prison et 75 000 euros d&rsquo;amende.<\/p>\n<p>Avec cette vingtaine de moutons sauv\u00e9s d&rsquo;une mort sans \u00e9tourdissement, les autorit\u00e9s rhodaniennes ont r\u00e9alis\u00e9 un joli coup, qui se rajoute aux interventions men\u00e9es depuis jeudi dans l&rsquo;agglom\u00e9ration. Au total, une soixantaine de moutons ont \u00e9t\u00e9 sauv\u00e9s. Bien loin des 500 ovins habituellement saisis par la SPA ces derni\u00e8res ann\u00e9es \u00e0 l&rsquo;occasion de la f\u00eate musulmane.<\/p>\n","protected":false},"excerpt":{"rendered":"Pr\u00e8s de Lyon : une vingtaine de moutons sauv\u00e9s d&rsquo;un sacrifice sauvage, un individu interpell\u00e9 &#8211; LyonMag Difficile&hellip;\n","protected":false},"author":2,"featured_media":160931,"comment_status":"","ping_status":"","sticky":false,"template":"","format":"standard","meta":{"footnotes":""},"categories":[1889],"tags":[1111,11,2813,2190,2430,1109,251,1112,2811,1777,674,118,1011,27,1922,1110,1114,2428,2810,12,241,316,25,2812,517,800],"class_list":{"0":"post-160930","1":"post","2":"type-post","3":"status-publish","4":"format-standard","5":"has-post-thumbnail","7":"category-lyon","8":"tag-actu","9":"tag-actualites","10":"tag-article","11":"tag-asvel","12":"tag-auvergne-rhone-alpes","13":"tag-breves","14":"tag-culture","15":"tag-depeches","16":"tag-economique","17":"tag-eu","18":"tag-europe","19":"tag-faits-divers","20":"tag-fr","21":"tag-france","22":"tag-info","23":"tag-informations","24":"tag-infos","25":"tag-lyon","26":"tag-lyonmag","27":"tag-news","28":"tag-ol","29":"tag-politique","30":"tag-republique-francaise","31":"tag-sociale","32":"tag-sport","33":"tag-transports"},"share_on_mastodon":{"url":"https:\/\/pubeurope.com\/@fr\/114647866087607414","error":""},"_links":{"self":[{"href":"https:\/\/www.europesays.com\/fr\/wp-json\/wp\/v2\/posts\/160930","targetHints":{"allow":["GET"]}}],"collection":[{"href":"https:\/\/www.europesays.com\/fr\/wp-json\/wp\/v2\/posts"}],"about":[{"href":"https:\/\/www.europesays.com\/fr\/wp-json\/wp\/v2\/types\/post"}],"author":[{"embeddable":true,"href":"https:\/\/www.europesays.com\/fr\/wp-json\/wp\/v2\/users\/2"}],"replies":[{"embeddable":true,"href":"https:\/\/www.europesays.com\/fr\/wp-json\/wp\/v2\/comments?post=160930"}],"version-history":[{"count":0,"href":"https:\/\/www.europesays.com\/fr\/wp-json\/wp\/v2\/posts\/160930\/revisions"}],"wp:featuredmedia":[{"embeddable":true,"href":"https:\/\/www.europesays.com\/fr\/wp-json\/wp\/v2\/media\/160931"}],"wp:attachment":[{"href":"https:\/\/www.europesays.com\/fr\/wp-json\/wp\/v2\/media?parent=160930"}],"wp:term":[{"taxonomy":"category","embeddable":true,"href":"https:\/\/www.europesays.com\/fr\/wp-json\/wp\/v2\/categories?post=160930"},{"taxonomy":"post_tag","embeddable":true,"href":"https:\/\/www.europesays.com\/fr\/wp-json\/wp\/v2\/tags?post=160930"}],"curies":[{"name":"wp","href":"https:\/\/api.w.org\/{rel}","templated":true}]}}