{"id":160942,"date":"2025-06-08T13:05:09","date_gmt":"2025-06-08T13:05:09","guid":{"rendered":"https:\/\/www.europesays.com\/fr\/160942\/"},"modified":"2025-06-08T13:05:09","modified_gmt":"2025-06-08T13:05:09","slug":"comme-a-saint-tropez-a-paris-la-perle-noire-premier-yacht-neuf-et-electrique-a-voguer-sur-la-seine","status":"publish","type":"post","link":"https:\/\/www.europesays.com\/fr\/160942\/","title":{"rendered":"\u00ab\u00a0Comme \u00e0 Saint-Tropez\u00a0!\u00a0\u00bb\u00a0: \u00e0 Paris, la \u00ab\u00a0Perle Noire\u00a0\u00bb, premier yacht neuf et \u00e9lectrique \u00e0 voguer sur la Seine"},"content":{"rendered":"<p class=\"paragraph text_align_left\">Si vous avez aper\u00e7u une ombre noire voguer sur la <a href=\"https:\/\/www.leparisien.fr\/paris-75\/a-paris-la-collision-de-deux-bateaux-avait-fait-plusieurs-blesses-sur-la-seine-ce-que-dit-lenquete-13-05-2025-YT63OU5DLBDHHNXBA3PKQWY7TU.php\" target=\"_blank\" rel=\"noreferrer nofollow noopener\">Seine<\/a> en ce d\u00e9but juin, ne craignez pas une attaque de pirates sur le sol parisien. C\u2019est pourtant en passionn\u00e9 de bateaux et de la c\u00e9l\u00e8bre saga des bandits des Cara\u00efbes que Didier Spade a baptis\u00e9 son nouveau navire la \u00ab Perle Noire \u00bb, un clin d\u2019\u0153il au \u00ab Black Pearl \u00bb, le \u00ab vieux rafiot \u00bb dont le capitaine n\u2019\u00e9tait autre que le plus c\u00e9l\u00e8bre des pirates, Jack Sparrow dans le film.<\/p>\n<p class=\"paragraph text_align_left\">Le b\u00e2timent de 22 m de long et de 70 tonnes a trouv\u00e9 attache au port de Grenelle (XVe) en ce d\u00e9but de semaine, non loin de la r\u00e9plique de la statue de la Libert\u00e9. Deux si\u00e8ges suspendus, du mobilier et un bar composent le salon ext\u00e9rieur situ\u00e9 \u00e0 l\u2019arri\u00e8re du niveau sup\u00e9rieur. \u00ab C\u2019est un bateau de vacances, commente son propri\u00e9taire. L\u00e0, vous \u00eates un peu comme \u00e0 Saint-Tropez (Var) ! \u00bb<\/p>\n","protected":false},"excerpt":{"rendered":"Si vous avez aper\u00e7u une ombre noire voguer sur la Seine en ce d\u00e9but juin, ne craignez pas&hellip;\n","protected":false},"author":2,"featured_media":160943,"comment_status":"","ping_status":"","sticky":false,"template":"","format":"standard","meta":{"footnotes":""},"categories":[1888],"tags":[11,1777,674,1011,27,1944,12,626,25],"class_list":{"0":"post-160942","1":"post","2":"type-post","3":"status-publish","4":"format-standard","5":"has-post-thumbnail","7":"category-paris","8":"tag-actualites","9":"tag-eu","10":"tag-europe","11":"tag-fr","12":"tag-france","13":"tag-ma-ville","14":"tag-news","15":"tag-paris","16":"tag-republique-francaise"},"share_on_mastodon":{"url":"https:\/\/pubeurope.com\/@fr\/114647893524196046","error":""},"_links":{"self":[{"href":"https:\/\/www.europesays.com\/fr\/wp-json\/wp\/v2\/posts\/160942","targetHints":{"allow":["GET"]}}],"collection":[{"href":"https:\/\/www.europesays.com\/fr\/wp-json\/wp\/v2\/posts"}],"about":[{"href":"https:\/\/www.europesays.com\/fr\/wp-json\/wp\/v2\/types\/post"}],"author":[{"embeddable":true,"href":"https:\/\/www.europesays.com\/fr\/wp-json\/wp\/v2\/users\/2"}],"replies":[{"embeddable":true,"href":"https:\/\/www.europesays.com\/fr\/wp-json\/wp\/v2\/comments?post=160942"}],"version-history":[{"count":0,"href":"https:\/\/www.europesays.com\/fr\/wp-json\/wp\/v2\/posts\/160942\/revisions"}],"wp:featuredmedia":[{"embeddable":true,"href":"https:\/\/www.europesays.com\/fr\/wp-json\/wp\/v2\/media\/160943"}],"wp:attachment":[{"href":"https:\/\/www.europesays.com\/fr\/wp-json\/wp\/v2\/media?parent=160942"}],"wp:term":[{"taxonomy":"category","embeddable":true,"href":"https:\/\/www.europesays.com\/fr\/wp-json\/wp\/v2\/categories?post=160942"},{"taxonomy":"post_tag","embeddable":true,"href":"https:\/\/www.europesays.com\/fr\/wp-json\/wp\/v2\/tags?post=160942"}],"curies":[{"name":"wp","href":"https:\/\/api.w.org\/{rel}","templated":true}]}}