{"id":16098,"date":"2025-04-10T23:41:17","date_gmt":"2025-04-10T23:41:17","guid":{"rendered":"https:\/\/www.europesays.com\/fr\/16098\/"},"modified":"2025-04-10T23:41:17","modified_gmt":"2025-04-10T23:41:17","slug":"lorigine-criminelle-confirmee-ce-que-lon-sait","status":"publish","type":"post","link":"https:\/\/www.europesays.com\/fr\/16098\/","title":{"rendered":"\u00ab\u00a0L&rsquo;origine criminelle\u00a0\u00bb confirm\u00e9e, ce que l&rsquo;on sait"},"content":{"rendered":"<p>            Par<br \/>\n        <strong><br \/>\n            <a href=\"https:\/\/actu.fr\/auteur\/guillaume-laurens\" title=\"Consulter tous les articles de Guillaume Laurens\" target=\"_blank\" rel=\"noopener\">Guillaume Laurens<\/a><br \/>\n        <\/strong><\/p>\n<p>        Publi\u00e9 le<\/p>\n<p>            9 avr. 2025 \u00e0 19h35<br \/>\n        ; mis \u00e0 jour le 9 avr. 2025 \u00e0 20h31    <\/p>\n<p>Nouveau coup de chaud ce mercredi 9 avril 2025 en fin de journ\u00e9e du c\u00f4t\u00e9 de <strong>Montrab\u00e9<\/strong>, au nord-est de la Ville rose : <a href=\"https:\/\/actu.fr\/occitanie\/montrabe_31389\/un-incendie-ravage-ce-mcdonald-s-dont-l-arrivee-est-decriee-pres-de-toulouse_62479842.html\" target=\"_blank\" rel=\"noopener\"><strong>\u00ab\u00a0L\u2019origine criminelle\u00a0\u00bb<\/strong> de l\u2019incendie<\/a> du <strong>McDonald\u2019s<\/strong> en construction, survenu dans la nuit de lundi \u00e0 mardi, et <a href=\"https:\/\/actu.fr\/occitanie\/montrabe_31389\/video-mcdo-en-feu-pres-de-toulouse-l-incendie-revendique-la-piste-criminelle-se-precise_62480138.html\" target=\"_blank\" rel=\"noopener\">revendiqu\u00e9 quelques heures plus tard par le myst\u00e9rieux groupe des \u00ab\u00a0<strong>Frites Insoumises\u00a0\u00bb<\/strong><\/a> dans un mail adress\u00e9 \u00e0 Actu Toulouse, vient d\u2019\u00eatre confirm\u00e9e par le <strong>parquet de Toulouse<\/strong>. Ce que l\u2019on sait.<\/p>\n<p>Le parquet confirme \u00ab\u00a0l\u2019origine criminelle\u00a0\u00bb<\/p>\n<p class=\" wall-content\">\u00ab\u00a0Les investigations techniques r\u00e9alis\u00e9es permettent de consid\u00e9rer que l\u2019incendie du chantier du restaurant McDonald\u2019s \u00e0 Montrab\u00e9 dans la nuit du 7 au 8 avril 2025 est <strong>d\u2019origine criminelle\u00a0\u00bb,<\/strong> annonce tout de go le parquet, ce mardi sur les coups de 19 heures, apr\u00e8s que des gendarmes sp\u00e9cialis\u00e9s de la <strong>Cellule en investigation criminelle<\/strong> ont pass\u00e9 le site au peigne fin tout au long de la journ\u00e9e.<\/p>\n<p>Les pyromanes encourent 20 ans de r\u00e9clusion<\/p>\n<p class=\" wall-content\">Une enqu\u00eate criminelle a \u00e9t\u00e9 ouverte par le parquet, \u00ab\u00a0du chef de <strong>destruction en bande organis\u00e9e du bien d\u2019autrui<\/strong> par un moyen dangereux pour les personnes\u00a0\u00bb. Elle a \u00e9t\u00e9 confi\u00e9e en co-saisine \u00e0 la Brigade de recherche de Toulouse Saint-Michel et \u00e0 la Section de recherche de Toulouse, poursuit le parquet, pr\u00e9cisant que ces faits sont \u00ab\u00a0passibles de <strong>20 ans de r\u00e9clusion criminelle\u00a0\u00bb.<\/strong>\u00a0<\/p>\n<blockquote class=\"tiktok-embed\" cite=\"https:\/\/www.tiktok.com\/@actutoulouse\/video\/7490884775159303446\" data-video-id=\"7490884775159303446\" data-embed-from=\"oembed\" style=\"max-width:605px; min-width:325px;\"><p>\n<a target=\"_blank\" title=\"@actutoulouse\" href=\"https:\/\/www.tiktok.com\/@actutoulouse?refer=embed\" rel=\"noopener\">@actutoulouse<\/a> <\/p>\n<p>\ud83d\udd25 Un <a title=\"mcdo\" target=\"_blank\" href=\"https:\/\/www.tiktok.com\/tag\/mcdo?refer=embed\" rel=\"noopener\">#McDo<\/a> en construction a \u00e9t\u00e9 incendi\u00e9 \u00e0 Montrab\u00e9, pr\u00e8s de Toulouse, mardi 8 avril 2025 vers 3 heures du matin. Un myst\u00e9rieux groupe a revendiqu\u00e9 dans la matin\u00e9e avoir mis le feu. Plus d\u2019infos sur notre site Actu Toulouse <a title=\"mcdonalds\" target=\"_blank\" href=\"https:\/\/www.tiktok.com\/tag\/mcdonalds?refer=embed\" rel=\"noopener\">#McDonalds<\/a> <a title=\"toulousemaville\" target=\"_blank\" href=\"https:\/\/www.tiktok.com\/tag\/toulousemaville?refer=embed\" rel=\"noopener\">#toulousemaville<\/a> <a title=\"toulouse31\" target=\"_blank\" href=\"https:\/\/www.tiktok.com\/tag\/toulouse31?refer=embed\" rel=\"noopener\">#toulouse31<\/a> <a title=\"faitsdivers\" target=\"_blank\" href=\"https:\/\/www.tiktok.com\/tag\/faitsdivers?refer=embed\" rel=\"noopener\">#FaitsDivers<\/a> <a title=\"sinformersurtiktok\" target=\"_blank\" href=\"https:\/\/www.tiktok.com\/tag\/sinformersurtiktok?refer=embed\" rel=\"noopener\">#SInformersurTiktok<\/a> <a title=\"apprendresurtiktok\" target=\"_blank\" href=\"https:\/\/www.tiktok.com\/tag\/apprendresurtiktok?refer=embed\" rel=\"noopener\">#ApprendresurTiktok<\/a> <\/p>\n<p> <a target=\"_blank\" title=\"\u266c ominous - insensible\" href=\"https:\/\/www.tiktok.com\/music\/ominous-7299618713351227393?refer=embed\" rel=\"noopener\">\u266c ominous \u2013 insensible<\/a> <\/p>\n<\/blockquote>\n<p>Qui sont les Frites insoumises, qui ont revendiqu\u00e9 les faits ?<\/p>\n<p class=\" wall-content\">Vers <strong>3 heures du matin<\/strong>, mardi, le feu a subitement pris sur ce restaurant en construction en contrebas de la route de Lavaur, \u00e0 Montrab\u00e9, dans la zone commerciale de Marignac. Les pompiers ont lutt\u00e9 plus de trois heures contre les flammes qui ravageaient ce fast-food, construit en <strong>ossature bois.<\/strong><\/p>\n<p class=\" wall-content\">Peu apr\u00e8s les faits, mardi, un <strong>myst\u00e9rieux groupe<\/strong> se pr\u00e9sentant sous le pavillon des \u00ab\u00a0Frites insoumises\u00a0\u00bb a revendiqu\u00e9 dans un mail adress\u00e9 \u00e0 plusieurs m\u00e9dias, dont Actu Toulouse, avoir \u00ab\u00a0incendi\u00e9 le McDonald\u2019s en construction \u00e0 Montrab\u00e9\u00a0\u00bb. Un acte<strong> \u00ab\u00a0en soutien au peuple palestinien,<\/strong> et contre la nouvelle strat\u00e9gie d\u2019expansion de la firme\u00a0\u00bb sur le territoire fran\u00e7ais, affirmait-il.\u00a0<\/p>\n<p class=\" wall-content\">Les Frites insoumises ? Un collectif <strong>inconnu au bataillon<\/strong>, localement. Ce n\u2019est \u00ab\u00a0ni un groupe, ni un groupuscule, qui serait sur nos radars\u00a0\u00bb, soufflait \u00e0 Actu Toulouse le magistrat de permanence au parquet. Qui sont les Frites insoumises, et sont-elles <strong>r\u00e9ellement \u00e0 l\u2019origine<\/strong> de cet incendie criminel ?<\/p>\n<p>      <img   decoding=\"async\" loading=\"lazy\" src=\"https:\/\/www.europesays.com\/fr\/wp-content\/uploads\/2025\/04\/incendie-mcdo-montrabe-toulouse-gl-960x640.jpg\" alt=\"Le McDo \u00e9tait en chantier depuis plusieurs semaines \u00e0 Montrab\u00e9, au nord-est de Toulouse\" width=\"960\" height=\"640\"\/><br \/>\n    Le McDo \u00e9tait en chantier depuis plusieurs semaines \u00e0 Montrab\u00e9, au nord-est de Toulouse (\u00a9G.L. \/ Actu Toulouse)Un pr\u00e9judice \u00e9valu\u00e9 \u00e0 \u00ab\u00a0environ un million d\u2019euros\u00a0\u00bb<\/p>\n<p class=\" wall-content\">Quelques heures apr\u00e8s l\u2019incendie, <strong>la direction du futur restaurant<\/strong> de Montrab\u00e9 s\u2019est \u00e9mue de la situation : \u00ab\u00a0Nous condamnons avec <strong>la plus grande fermet\u00e9<\/strong> la destruction partielle et volontaire d\u2019un restaurant en cours de construction (\u2026) Nous reprendrons les travaux d\u00e8s que nous le pourrons avec les meilleures garanties de s\u00e9curit\u00e9\u00a0\u00bb, a-t-elle pr\u00e9cis\u00e9, apr\u00e8s avoir soulign\u00e9 que \u00ab\u00a0l\u2019incendie n\u2019a que partiellement impact\u00e9 le chantier\u00a0\u00bb.<\/p>\n<p class=\" wall-content\">D\u2019apr\u00e8s une source proche du dossier, le pr\u00e9judice est \u00e9valu\u00e9 par McDo \u00e0 <strong>environ un million d\u2019euros<\/strong>.<\/p>\n<p>McDo \u00ab\u00a0d\u00e9termin\u00e9 \u00e0 mener \u00e0 son terme ce projet\u00a0\u00bb<\/p>\n<p class=\" wall-content\">Sur place, mardi matin, un responsable des travaux a indiqu\u00e9 \u00e0 Actu Toulouse avoir re\u00e7u consigne \u00ab\u00a0d\u2019arr\u00eater le chantier pendant<strong> au moins deux ou trois semaines,<\/strong> le temps de l\u2019enqu\u00eate\u00a0\u00bb.<\/p>\n<p class=\" wall-content\">Le franchis\u00e9 en charge de cet \u00e9tablissement se dit, lui, \u00ab\u00a0d\u00e9termin\u00e9 \u00e0 <strong>mener \u00e0 son terme ce projet<\/strong> qui va <strong>cr\u00e9er plus de 40 emplois<\/strong>, g\u00e9n\u00e9rer 3 millions d\u2019euros d\u2019investissement et contribuer \u00e0 l\u2019essor des fili\u00e8res agricoles fran\u00e7aises, y compris localement\u00a0\u00bb.<\/p>\n<p>Un McDo d\u00e9cri\u00e9 de longue date<\/p>\n<p class=\" wall-content\">Implant\u00e9 \u00e0 proximit\u00e9 du coll\u00e8ge Paul-C\u00e9zanne de Montrab\u00e9, cet \u00e9ni\u00e8me McDo de l\u2019agglo de Toulouse avait <a href=\"https:\/\/actu.fr\/occitanie\/montrabe_31389\/pres-de-toulouse-vent-de-fronde-contre-l-implantation-d-un-mcdo-dans-cette-commune_61024575.html\" target=\"_blank\" rel=\"noopener\">fait pol\u00e9mique localement, une association de parents d\u2019\u00e9l\u00e8ves de la commune ayant notamment lanc\u00e9 \u2014 en vain \u2014 une p\u00e9tition<\/a> \u00e0 l\u2019encontre du projet, qui avait finalement <a href=\"https:\/\/actu.fr\/occitanie\/montrabe_31389\/pres-de-toulouse-le-mcdo-conteste-verra-bien-le-jour-dans-cette-commune_61558098.html\" target=\"_blank\" rel=\"noopener\">obtenu le permis de construire en mai 2024<\/a>.\u00a0<\/p>\n<p class=\" wall-content\">Si l\u2019origine du sinistre n\u2019a sans doute rien \u00e0 voir avec les tensions locales autour de ce fast-food, qui a mis le feu au McDo ? Est-ce r\u00e9ellement les Frites insoumises ? Et qui se cache derri\u00e8re ? \u00ab\u00a0L\u2019enqu\u00eate se poursuit en flagrance\u00a0\u00bb pour <strong>retrouver le ou les coupables<\/strong>, conclut le parquet de Toulouse.<\/p>\n<p class=\" wall-content\">Suivez toute l\u2019actualit\u00e9 de vos villes et m\u00e9dias favoris en vous inscrivant \u00e0 <a href=\"https:\/\/moncompte.actu.fr\" title=\"D\u00e9couvez Mon Actu\" rel=\"nofollow noopener\" data-trk=\"{&quot;cta&quot;:{&quot;action&quot;:&quot;https:\\\/\\\/moncompte.actu.fr&quot;,&quot;category&quot;:&quot;mon compte&quot;,&quot;from&quot;:&quot;article footer&quot;,&quot;name&quot;:&quot;Mon actu&quot;,&quot;type&quot;:&quot;cta&quot;}}\" target=\"_blank\">Mon Actu<\/a>.<\/p>\n<p>                    <script async src=\"\/\/www.tiktok.com\/embed.js\"><\/script><\/p>\n","protected":false},"excerpt":{"rendered":"Par Guillaume Laurens Publi\u00e9 le 9 avr. 2025 \u00e0 19h35 ; mis \u00e0 jour le 9 avr. 2025&hellip;\n","protected":false},"author":2,"featured_media":16099,"comment_status":"","ping_status":"","sticky":false,"template":"","format":"standard","meta":{"footnotes":""},"categories":[2816],"tags":[1111,11,1777,674,118,1011,27,679,12,2680,25,2312],"class_list":{"0":"post-16098","1":"post","2":"type-post","3":"status-publish","4":"format-standard","5":"has-post-thumbnail","7":"category-toulouse","8":"tag-actu","9":"tag-actualites","10":"tag-eu","11":"tag-europe","12":"tag-faits-divers","13":"tag-fr","14":"tag-france","15":"tag-mcdonalds","16":"tag-news","17":"tag-occitanie","18":"tag-republique-francaise","19":"tag-toulouse"},"share_on_mastodon":{"url":"https:\/\/pubeurope.com\/@fr\/114316318023453715","error":""},"_links":{"self":[{"href":"https:\/\/www.europesays.com\/fr\/wp-json\/wp\/v2\/posts\/16098","targetHints":{"allow":["GET"]}}],"collection":[{"href":"https:\/\/www.europesays.com\/fr\/wp-json\/wp\/v2\/posts"}],"about":[{"href":"https:\/\/www.europesays.com\/fr\/wp-json\/wp\/v2\/types\/post"}],"author":[{"embeddable":true,"href":"https:\/\/www.europesays.com\/fr\/wp-json\/wp\/v2\/users\/2"}],"replies":[{"embeddable":true,"href":"https:\/\/www.europesays.com\/fr\/wp-json\/wp\/v2\/comments?post=16098"}],"version-history":[{"count":0,"href":"https:\/\/www.europesays.com\/fr\/wp-json\/wp\/v2\/posts\/16098\/revisions"}],"wp:featuredmedia":[{"embeddable":true,"href":"https:\/\/www.europesays.com\/fr\/wp-json\/wp\/v2\/media\/16099"}],"wp:attachment":[{"href":"https:\/\/www.europesays.com\/fr\/wp-json\/wp\/v2\/media?parent=16098"}],"wp:term":[{"taxonomy":"category","embeddable":true,"href":"https:\/\/www.europesays.com\/fr\/wp-json\/wp\/v2\/categories?post=16098"},{"taxonomy":"post_tag","embeddable":true,"href":"https:\/\/www.europesays.com\/fr\/wp-json\/wp\/v2\/tags?post=16098"}],"curies":[{"name":"wp","href":"https:\/\/api.w.org\/{rel}","templated":true}]}}