{"id":160995,"date":"2025-06-08T13:35:10","date_gmt":"2025-06-08T13:35:10","guid":{"rendered":"https:\/\/www.europesays.com\/fr\/160995\/"},"modified":"2025-06-08T13:35:10","modified_gmt":"2025-06-08T13:35:10","slug":"le-constructeur-francais-renault-va-produire-des-drones-en-ukraine","status":"publish","type":"post","link":"https:\/\/www.europesays.com\/fr\/160995\/","title":{"rendered":"Le constructeur fran\u00e7ais Renault va produire des drones en Ukraine"},"content":{"rendered":"<p>Le ministre des Arm\u00e9es avait annonc\u00e9 qu\u2019une \u00abgrande entreprise produisant des voitures fran\u00e7aises\u00bb s\u2019\u00e9tait engag\u00e9e dans un partenariat \u00abgagnant-gagnant\u00bb avec Kiev pour produire des drones sur le sol ukrainien.<\/p>\n<p class=\"fig-paragraph\">Renault va s\u2019implanter en Ukraine, mais pas pour construire des voitures. Le groupe automobile fran\u00e7ais va s\u2019allier \u00e0 une PME de d\u00e9fense fran\u00e7aise pour produire des drones, r\u00e9v\u00e8le\u00a0<a href=\"https:\/\/www.franceinfo.fr\/monde\/europe\/manifestations-en-ukraine\/info-franceinfo-le-groupe-automobile-renault-va-produire-des-drones-en-ukraine_7299834.html\" target=\"_blank\" rel=\"nofollow noopener\" data-gtm-custom-categorie=\"navigation\" data-gtm-custom-action=\"crossclick\" data-gtm-custom-label=\"Contextuel\" data-gtm-event=\"customEventSPE\">France Info<\/a> \u00a0ce dimanche. S\u00e9bastien Lecornu, ministre des Arm\u00e9es,\u00a0<a href=\"http:\/\/www.lefigaro.fr\/international\/des-entreprises-francaises-vont-produire-des-drones-en-ukraine-annonce-sebastien-lecornu-20250606\" data-fig-type=\"NewsFlash\" data-gtm-custom-categorie=\"navigation\" data-gtm-custom-action=\"crossclick\" data-gtm-custom-label=\"Contextuel\" data-gtm-event=\"customEventSPE\" data-fig-domain=\"LEFIGARO\" target=\"_blank\" rel=\"noopener\">avait annonc\u00e9 vendredi<\/a>\u00a0qu\u2019une \u00abgrande entreprise produisant des voitures fran\u00e7aises\u00bb devait prochainement se lancer dans \u00abun partenariat gagnant-gagnant\u00bb avec Kiev. Restait \u00e0 conna\u00eetre son nom. Contact\u00e9e par Le Figaro, l\u2019entreprise Renault ne d\u00e9ment pas l\u2019information, mais ne fait pas de commentaires \u00e0 date.<\/p>\n<p class=\"fig-paragraph\">Aucune information n\u2019a filtr\u00e9 sur la nature des drones qui seront fabriqu\u00e9s en Ukraine. Ils seront destin\u00e9s \u00e0 l\u2019arm\u00e9e ukrainienne, \u00abmais nous allons aussi en faire b\u00e9n\u00e9ficier nos propres arm\u00e9es fran\u00e7aises pour avoir en permanence un entra\u00eenement tactique, op\u00e9ratif qui colle \u00e0 la r\u00e9alit\u00e9\u00bb du conflit, avait pr\u00e9cis\u00e9 S\u00e9bastien Lecornu. En \u00e9change, les Ukrainiens fourniront un retour d\u2019exp\u00e9rience sur la fa\u00e7on dont ils utilisent les drones dans cette guerre, puisqu\u2019ils sont \u00abmeilleurs que nous dans la capacit\u00e9 \u00e0 imaginer des drones et surtout \u00e0 \u00e9laborer la doctrine qui va autour\u00bb.<\/p>\n<p class=\"fig-paragraph\">La France cherche \u00e0 rattraper son retard dans ce secteur. L\u2019Ukraine devrait utiliser pas moins de 4,5 millions de drones en 2025, responsables de 70% des destructions de mat\u00e9riels ennemis sur le front. L\u2019arm\u00e9e ukrainienne s\u2019est r\u00e9cemment illustr\u00e9e par quelques spectaculaires attaques de drones contre des bases a\u00e9riennes russes, dont\u00a0<a href=\"http:\/\/www.lefigaro.fr\/international\/operation-toile-d-araignee-les-ukrainiens-ont-ils-reussi-a-detruire-deux-avions-russes-de-detection-avancee-a-50-20250604\" data-fig-type=\"NewsFlash\" data-gtm-custom-categorie=\"navigation\" data-gtm-custom-action=\"crossclick\" data-gtm-custom-label=\"Contextuel\" data-gtm-event=\"customEventSPE\" data-fig-domain=\"LEFIGARO\" target=\"_blank\" rel=\"noopener\">l\u2019op\u00e9ration \u00abToile d\u2019araign\u00e9e\u00bb<\/a>.<\/p>\n","protected":false},"excerpt":{"rendered":"Le ministre des Arm\u00e9es avait annonc\u00e9 qu\u2019une \u00abgrande entreprise produisant des voitures fran\u00e7aises\u00bb s\u2019\u00e9tait engag\u00e9e dans un partenariat&hellip;\n","protected":false},"author":2,"featured_media":160996,"comment_status":"","ping_status":"","sticky":false,"template":"","format":"standard","meta":{"footnotes":""},"categories":[6],"tags":[631,627,630,340,398,35,343,634,405,629,636,33,34,632,638,1011,27,637,399,639,635,10651,401,628,633,407],"class_list":{"0":"post-160995","1":"post","2":"type-post","3":"status-publish","4":"format-standard","5":"has-post-thumbnail","7":"category-economie","8":"tag-action","9":"tag-actions-francaise","10":"tag-actualite-bourse","11":"tag-bourse","12":"tag-bourse-de-paris","13":"tag-business","14":"tag-cac-40","15":"tag-cotation","16":"tag-cotations","17":"tag-cours-des-societes-francaises","18":"tag-devises","19":"tag-economie","20":"tag-economy","21":"tag-fcp","22":"tag-figaro","23":"tag-fr","24":"tag-france","25":"tag-indices","26":"tag-investissement","27":"tag-le-figaro","28":"tag-marches","29":"tag-renault","30":"tag-sicav","31":"tag-societes-etrangeres","32":"tag-warrant","33":"tag-warrants"},"share_on_mastodon":{"url":"https:\/\/pubeurope.com\/@fr\/114648011532650641","error":""},"_links":{"self":[{"href":"https:\/\/www.europesays.com\/fr\/wp-json\/wp\/v2\/posts\/160995","targetHints":{"allow":["GET"]}}],"collection":[{"href":"https:\/\/www.europesays.com\/fr\/wp-json\/wp\/v2\/posts"}],"about":[{"href":"https:\/\/www.europesays.com\/fr\/wp-json\/wp\/v2\/types\/post"}],"author":[{"embeddable":true,"href":"https:\/\/www.europesays.com\/fr\/wp-json\/wp\/v2\/users\/2"}],"replies":[{"embeddable":true,"href":"https:\/\/www.europesays.com\/fr\/wp-json\/wp\/v2\/comments?post=160995"}],"version-history":[{"count":0,"href":"https:\/\/www.europesays.com\/fr\/wp-json\/wp\/v2\/posts\/160995\/revisions"}],"wp:featuredmedia":[{"embeddable":true,"href":"https:\/\/www.europesays.com\/fr\/wp-json\/wp\/v2\/media\/160996"}],"wp:attachment":[{"href":"https:\/\/www.europesays.com\/fr\/wp-json\/wp\/v2\/media?parent=160995"}],"wp:term":[{"taxonomy":"category","embeddable":true,"href":"https:\/\/www.europesays.com\/fr\/wp-json\/wp\/v2\/categories?post=160995"},{"taxonomy":"post_tag","embeddable":true,"href":"https:\/\/www.europesays.com\/fr\/wp-json\/wp\/v2\/tags?post=160995"}],"curies":[{"name":"wp","href":"https:\/\/api.w.org\/{rel}","templated":true}]}}