{"id":160997,"date":"2025-06-08T13:36:10","date_gmt":"2025-06-08T13:36:10","guid":{"rendered":"https:\/\/www.europesays.com\/fr\/160997\/"},"modified":"2025-06-08T13:36:10","modified_gmt":"2025-06-08T13:36:10","slug":"israel-ordonne-de-bloquer-larrivee-a-gaza-du-madleen-le-navire-humanitaire-avec-greta-thunberg-et-rima-hassan-a-bord","status":"publish","type":"post","link":"https:\/\/www.europesays.com\/fr\/160997\/","title":{"rendered":"Isra\u00ebl ordonne de bloquer l\u2019arriv\u00e9e \u00e0 Gaza du Madleen, le navire humanitaire avec Greta Thunberg et Rima Hassan \u00e0 bord"},"content":{"rendered":"<p>        <img decoding=\"async\" loading=\"lazy\" src=\"https:\/\/www.europesays.com\/fr\/wp-content\/uploads\/2025\/06\/8aa854e_sirius-fs-upload-1-u6kxy7esquyo-1749315600265-2025-06-01t152018z-1793044299-rc2mteaaf8hj-rtr.jpeg\"  width=\"728\" height=\"409\" alt=\"Le voilier Madleen, de l\u2019ONG la\u00a0Coalition\u00a0de la flottille pour la libert\u00e9, en mer depuis le 1er juin 2025.\"\/>  <\/p>\n<p>DANILO ARNONE \/ REUTERS<\/p>\n<p>Le voilier Madleen, de l\u2019ONG la\u00a0Coalition\u00a0de la flottille pour la libert\u00e9, en mer depuis le 1er juin 2025.<\/p>\n<p class=\"asset asset-text\">INTERNATIONAL &#8211; Annonce redout\u00e9e. Le Madleen, <a href=\"https:\/\/www.huffingtonpost.fr\/politique\/article\/rima-hassan-en-route-pour-gaza-raconte-avoir-sauve-quatre-migrants-soudanais-avec-son-bateau_250984.html\" target=\"_blank\" rel=\"noopener\">un voilier de la Coalition de la flottille pour la libert\u00e9<\/a>, <a href=\"https:\/\/www.huffingtonpost.fr\/politique\/article\/l-eurodeputee-rima-hassan-va-se-rendre-a-gaza-en-bateau-avec-une-celebre-activiste-pour-le-climat_250678.html\" target=\"_blank\" rel=\"noopener\">en route pour Gaza depuis plusieurs jours<\/a> avec 12 militants \u00e0 son bord, risque de ne jamais pouvoir atteindre la terre ferme au moment o\u00f9 le territoire palestinien entame son 21e mois de guerre.<\/p>\n<p class=\"asset asset-text\">En cause\u00a0? Une annonce faite ce dimanche 8\u00a0juin par le ministre isra\u00e9lien de la D\u00e9fense, Isra\u00ebl Katz, ordonnant \u00e0 l\u2019arm\u00e9e d\u2019emp\u00eacher l\u2019arriv\u00e9e du navire humanitaire transportant notamment <a href=\"https:\/\/www.huffingtonpost.fr\/environnement\/video\/greta-thunberg-a-ete-interpellee-non-pas-une-mais-deux-fois-par-la-police-aux-pays-bas_232301.html\" target=\"_blank\" rel=\"noopener\">l\u2019activiste \u00e9cologiste su\u00e9doise Greta Thunberg<\/a> et <a href=\"https:\/\/www.huffingtonpost.fr\/politique\/article\/gerard-larcher-porte-plainte-contre-rima-hassan-apres-avoir-ete-qualifie-de-crapule-par-l-eurodeputee-lfi_250166.html\" target=\"_blank\" rel=\"noopener\">l\u2019eurod\u00e9put\u00e9e LFI Rima Hassan<\/a>. Ce navire \u00e9tait parti le 1er\u00a0juin de Sicile afin d\u2019apporter de l\u2019aide humanitaire aux Gazaouis et ainsi \u00ab\u00a0briser le blocus isra\u00e9lien\u00a0\u00bb impos\u00e9 au territoire palestinien menac\u00e9 par la famine.<\/p>\n<p class=\"asset asset-text\">\u00ab\u00a0J\u2019ai donn\u00e9 pour instruction \u00e0 Tsahal d\u2019emp\u00eacher le navire Madleen d\u2019atteindre Gaza. \u00c0 Greta l\u2019antis\u00e9mite et \u00e0 ses compagnons, porte-voix de la propagande du (mouvement islamiste palestinien) Hamas, je dis clairement\u00a0: faites demi-tour car vous n\u2019arriverez pas \u00e0 Gaza\u00a0\u00bb, a d\u00e9clar\u00e9 le ministre dans un communiqu\u00e9 publi\u00e9 par son bureau.<\/p>\n<p class=\"asset asset-text\">Samedi, le Madleen avait annonc\u00e9 avoir atteint les c\u00f4tes \u00e9gyptiennes et se rapprocher de la bande de\u00a0Gaza. Son arriv\u00e9e \u00e0 Gaza \u00e9tait donc pr\u00e9vue ce dimanche soir. Mais \u00e0 en croire les stories Instagram partag\u00e9es par les occupants du navire, \u00ab\u00a0le tracker du Madleen a \u00e9t\u00e9 soumis \u00e0 des interf\u00e9rences \u00e9lectroniques\u00a0\u00bb en d\u00e9but d\u2019apr\u00e8s-midi (heure fran\u00e7aise), avant de \u00ab\u00a0revenir en ligne 30\u00a0minutes plus tard\u00a0\u00bb. \u00ab\u00a0Nous restons en alerte et continuons \u00e0 surveiller la situation\u00a0\u00bb, est-il \u00e9galement pr\u00e9cis\u00e9 par le compte Gazafreedomflotilla, qui demande de plus recevoir de contact t\u00e9l\u00e9phonique pour conserver le peu de connexion dont ils disposent.<\/p>\n<p class=\"asset asset-text\">Dans une vid\u00e9o partag\u00e9e ce dimanche, Rima Hassan assure que \u00ab\u00a0tout va se jouer dans les 24\u00a0prochaines heures\u00a0\u00bb. \u00ab\u00a0Internet sera coup\u00e9 avant cette intervention (isra\u00e9lienne) donc nous ne pourrons pas communiquer ni filmer l\u2019intervention et nos affaires personnelles seront confisqu\u00e9es\u00a0\u00bb, pr\u00e9vient l\u2019eurod\u00e9put\u00e9e fran\u00e7aise concernant les prochaines \u00e9tapes qui attendent les passagers apr\u00e8s l\u2019annonce d\u2019une op\u00e9ration isra\u00e9lienne imminente.<\/p>\n<p> La lecture de ce contenu est susceptible d\u2019entra\u00eener un d\u00e9p\u00f4t de cookies de la part de l\u2019op\u00e9rateur tiers qui l\u2019h\u00e9berge. Compte-tenu des choix que vous avez exprim\u00e9s en mati\u00e8re de d\u00e9p\u00f4t de cookies, nous avons bloqu\u00e9 l\u2019affichage de ce contenu. Si vous souhaitez y acc\u00e9der, vous devez accepter la cat\u00e9gorie de cookies \u201cContenus tiers\u201d en cliquant sur le bouton ci-dessous. <\/p>\n<p> Lire la Vid\u00e9o        <\/p>\n<p class=\"asset asset-text\">Ces derniers jours, l\u2019\u00e9quipage avait indiqu\u00e9 avoir vu des drones voler \u00e0 proximit\u00e9 du bateau ces derniers jours. Et selon une vid\u00e9o publi\u00e9e par la coalition sur les r\u00e9seaux sociaux, un drone des garde-c\u00f4tes hell\u00e9niques aurait notamment survol\u00e9 le Madleen mardi soir.<\/p>\n<p>    \u00ab\u00a0Violation flagrante du droit international\u00a0\u00bb    <\/p>\n<p class=\"asset asset-text\">Afin de soutenir ce projet risqu\u00e9, compte tenu des forces militaires isra\u00e9liennes emp\u00eachant toute entr\u00e9e non autoris\u00e9e dans la bande de Gaza, <a href=\"https:\/\/www.huffingtonpost.fr\/international\/article\/le-voilier-de-freedom-flotilla-proche-de-gaza-200-deputes-d-europe-ecrivent-a-israel-pour-demander-le-passage_251071.html\" target=\"_blank\" rel=\"noopener\">200\u00a0d\u00e9put\u00e9s \u00e9lus en Europe ont \u00e9crit dans une lettre ouverte<\/a> adress\u00e9e au gouvernement de <a href=\"https:\/\/www.huffingtonpost.fr\/international\/article\/en-israel-netanyahu-designe-un-nouveau-chef-du-renseignement-et-provoque-une-fois-de-plus-la-justice_250415.html\" target=\"_blank\" rel=\"noopener\">Benjamin Netanyahu<\/a> pour que l\u2019\u00c9tat h\u00e9breu laisse passer le voilier. En demandant notamment de \u00ab\u00a0garantir la s\u00e9curit\u00e9 de toutes les personnes \u00e0 bord\u00a0\u00bb, de \u00ab\u00a0permettre au navire un passage s\u00fbr et sans entraves vers Gaza\u00a0\u00bb et\u00a0d\u2019\u00ab\u00a0autoriser l\u2019entr\u00e9e imm\u00e9diate de sa cargaison humanitaire \u00e0 Gaza\u00a0\u00bb.<\/p>\n<p class=\"asset asset-text\">\u00ab\u00a0Nous sommes pleinement conscients des potentielles cons\u00e9quences\u00a0\u00bb de ce voyage, a d\u00e9clar\u00e9 \u00e0 l\u2019AFP la militante allemande des droits humains Yasemin Acar, alors que l\u2019arm\u00e9e isra\u00e9lienne avait indiqu\u00e9 mardi \u00eatre pr\u00eate \u00e0 \u00ab\u00a0prot\u00e9ger l\u2019espace maritime\u00a0\u00bb contre le bateau. La militante avait par ailleurs pr\u00e9cis\u00e9 que le Madleen naviguait sous pavillon britannique lors de ce voyage.<\/p>\n<p class=\"asset asset-text\">Le Comit\u00e9 international pour briser le si\u00e8ge de\u00a0Gaza \u2013 organisation membre de la Coalition de la flottille \u2013 assure \u00eatre en contact avec les instances juridiques internationales afin de garantir la s\u00e9curit\u00e9 des personnes \u00e0 bord, avertissant que toute interception constituerait \u00ab\u00a0une violation flagrante du droit international humanitaire\u00a0\u00bb.  Parmi les personnes \u00e0 bord du navire dans le viseur d\u2019Isra\u00ebl figurent des ressortissants allemands, fran\u00e7ais, br\u00e9siliens, turcs, su\u00e9dois, espagnols et n\u00e9erlandais.<\/p>\n","protected":false},"excerpt":{"rendered":"DANILO ARNONE \/ REUTERS Le voilier Madleen, de l\u2019ONG la\u00a0Coalition\u00a0de la flottille pour la libert\u00e9, en mer depuis&hellip;\n","protected":false},"author":2,"featured_media":160998,"comment_status":"","ping_status":"","sticky":false,"template":"","format":"standard","meta":{"footnotes":""},"categories":[5],"tags":[11,3259,1011,27,665,26418,10264,14,664,12,15442,28],"class_list":{"0":"post-160997","1":"post","2":"type-post","3":"status-publish","4":"format-standard","5":"has-post-thumbnail","7":"category-international","8":"tag-actualites","9":"tag-conflit-israelo-palestinien","10":"tag-fr","11":"tag-france","12":"tag-gaza","13":"tag-greta-thunberg","14":"tag-humanitaire","15":"tag-international","16":"tag-israel","17":"tag-news","18":"tag-rima-hassan","19":"tag-world"},"share_on_mastodon":{"url":"https:\/\/pubeurope.com\/@fr\/114648015509320653","error":""},"_links":{"self":[{"href":"https:\/\/www.europesays.com\/fr\/wp-json\/wp\/v2\/posts\/160997","targetHints":{"allow":["GET"]}}],"collection":[{"href":"https:\/\/www.europesays.com\/fr\/wp-json\/wp\/v2\/posts"}],"about":[{"href":"https:\/\/www.europesays.com\/fr\/wp-json\/wp\/v2\/types\/post"}],"author":[{"embeddable":true,"href":"https:\/\/www.europesays.com\/fr\/wp-json\/wp\/v2\/users\/2"}],"replies":[{"embeddable":true,"href":"https:\/\/www.europesays.com\/fr\/wp-json\/wp\/v2\/comments?post=160997"}],"version-history":[{"count":0,"href":"https:\/\/www.europesays.com\/fr\/wp-json\/wp\/v2\/posts\/160997\/revisions"}],"wp:featuredmedia":[{"embeddable":true,"href":"https:\/\/www.europesays.com\/fr\/wp-json\/wp\/v2\/media\/160998"}],"wp:attachment":[{"href":"https:\/\/www.europesays.com\/fr\/wp-json\/wp\/v2\/media?parent=160997"}],"wp:term":[{"taxonomy":"category","embeddable":true,"href":"https:\/\/www.europesays.com\/fr\/wp-json\/wp\/v2\/categories?post=160997"},{"taxonomy":"post_tag","embeddable":true,"href":"https:\/\/www.europesays.com\/fr\/wp-json\/wp\/v2\/tags?post=160997"}],"curies":[{"name":"wp","href":"https:\/\/api.w.org\/{rel}","templated":true}]}}