{"id":160999,"date":"2025-06-08T13:37:14","date_gmt":"2025-06-08T13:37:14","guid":{"rendered":"https:\/\/www.europesays.com\/fr\/160999\/"},"modified":"2025-06-08T13:37:14","modified_gmt":"2025-06-08T13:37:14","slug":"une-femme-encornee-a-la-jambe-par-une-vache-sur-une-plage","status":"publish","type":"post","link":"https:\/\/www.europesays.com\/fr\/160999\/","title":{"rendered":"Une femme encorn\u00e9e \u00e0 la jambe par une vache sur une plage"},"content":{"rendered":"<p>Des plages paradisiaques, une eau turquoise\u2026 et quelques <a href=\"https:\/\/www.20minutes.fr\/dossier\/vaches\" class=\"color-ultramarine c-link\" rel=\"nofollow noopener\" target=\"_blank\">vaches<\/a> qui peuvent vagabonder par-ci, par-l\u00e0. Bienvenue en <a href=\"https:\/\/www.20minutes.fr\/dossier\/corse\" class=\"color-ultramarine c-link\" rel=\"nofollow noopener\" target=\"_blank\">Corse<\/a>, dont le charme n\u2019est plus \u00e0 \u00e9tablir. Sauf quand un animal en vient \u00e0 attaquer un humain. Samedi, une femme \u00e2g\u00e9e de 28 ans a \u00e9t\u00e9 encorn\u00e9e au niveau de la jambe, rapporte <a href=\"https:\/\/www.corsematin.com\/article\/faits-diversjustice\/1412214739484814\/une-femme-blessee-a-la-jambe-par-une-vache-sur-la-plage-du-lotu-dans-le-golfe-de-saint-florent\" target=\"_blank\" class=\"color-ultramarine c-link\" rel=\"nofollow noopener\">Corse Matin<\/a>. Les faits se sont d\u00e9roul\u00e9s sur la plage du Lotu, dans le nord-est de l\u2019\u00eele, dans des circonstances qui restent \u00e0 d\u00e9terminer.<\/p>\n<\/p>\n<p>La victime a \u00e9t\u00e9 prise en charge par les secours et h\u00e9liport\u00e9e vers le centre <a href=\"https:\/\/www.20minutes.fr\/dossier\/hopital\" class=\"color-ultramarine c-link\" rel=\"nofollow noopener\" target=\"_blank\">hospitalier<\/a> de Bastia. Son pronostic vital n\u2019\u00e9tait pas engag\u00e9.<\/p>\n","protected":false},"excerpt":{"rendered":"Des plages paradisiaques, une eau turquoise\u2026 et quelques vaches qui peuvent vagabonder par-ci, par-l\u00e0. Bienvenue en Corse, dont&hellip;\n","protected":false},"author":2,"featured_media":161000,"comment_status":"","ping_status":"","sticky":false,"template":"","format":"standard","meta":{"footnotes":""},"categories":[4],"tags":[119,47,11,5621,2517,118,1011,27,100,12,25,4322],"class_list":{"0":"post-160999","1":"post","2":"type-post","3":"status-publish","4":"format-standard","5":"has-post-thumbnail","7":"category-france","8":"tag-accident","9":"tag-actualite","10":"tag-actualites","11":"tag-bastia","12":"tag-corse","13":"tag-faits-divers","14":"tag-fr","15":"tag-france","16":"tag-hopital","17":"tag-news","18":"tag-republique-francaise","19":"tag-vache"},"share_on_mastodon":{"url":"https:\/\/pubeurope.com\/@fr\/114648019405399923","error":""},"_links":{"self":[{"href":"https:\/\/www.europesays.com\/fr\/wp-json\/wp\/v2\/posts\/160999","targetHints":{"allow":["GET"]}}],"collection":[{"href":"https:\/\/www.europesays.com\/fr\/wp-json\/wp\/v2\/posts"}],"about":[{"href":"https:\/\/www.europesays.com\/fr\/wp-json\/wp\/v2\/types\/post"}],"author":[{"embeddable":true,"href":"https:\/\/www.europesays.com\/fr\/wp-json\/wp\/v2\/users\/2"}],"replies":[{"embeddable":true,"href":"https:\/\/www.europesays.com\/fr\/wp-json\/wp\/v2\/comments?post=160999"}],"version-history":[{"count":0,"href":"https:\/\/www.europesays.com\/fr\/wp-json\/wp\/v2\/posts\/160999\/revisions"}],"wp:featuredmedia":[{"embeddable":true,"href":"https:\/\/www.europesays.com\/fr\/wp-json\/wp\/v2\/media\/161000"}],"wp:attachment":[{"href":"https:\/\/www.europesays.com\/fr\/wp-json\/wp\/v2\/media?parent=160999"}],"wp:term":[{"taxonomy":"category","embeddable":true,"href":"https:\/\/www.europesays.com\/fr\/wp-json\/wp\/v2\/categories?post=160999"},{"taxonomy":"post_tag","embeddable":true,"href":"https:\/\/www.europesays.com\/fr\/wp-json\/wp\/v2\/tags?post=160999"}],"curies":[{"name":"wp","href":"https:\/\/api.w.org\/{rel}","templated":true}]}}