{"id":161032,"date":"2025-06-08T14:01:11","date_gmt":"2025-06-08T14:01:11","guid":{"rendered":"https:\/\/www.europesays.com\/fr\/161032\/"},"modified":"2025-06-08T14:01:11","modified_gmt":"2025-06-08T14:01:11","slug":"au-lycee-les-jeunes-sinteressent-a-la-politique-tout-en-mettant-en-avant-un-souci-de","status":"publish","type":"post","link":"https:\/\/www.europesays.com\/fr\/161032\/","title":{"rendered":"Au lyc\u00e9e, \u00ab\u00a0les jeunes s\u2019int\u00e9ressent \u00e0 la politique, tout en mettant en avant un souci de"},"content":{"rendered":"<p>Quand le professeur de fran\u00e7ais-histoire-g\u00e9ographie, J\u00e9r\u00f4me Presneau, a parl\u00e9 \u00e0 sa classe de seconde bac pro du lyc\u00e9e Perrin-Goussier de la proposition d\u2019\u00e9lus d\u2019abaisser l\u2019\u00e2ge du droit de vote \u00e0 16\u00a0ans, les lyc\u00e9ennes n\u2019ont pas saut\u00e9 de joie. Pourtant, elles ont aim\u00e9 d\u00e9battre dans les locaux de \u00ab\u00a0Ouest-France\u00a0\u00bb.<\/p>\n<p>Trois questions \u00e0\u2026<\/p>\n<p><strong>J\u00e9r\u00f4me Presneau,<\/strong> professeur de fran\u00e7ais, d\u2019histoire et de g\u00e9ographie au lyc\u00e9e.<\/p>\n<p>Pouvoir voter \u00e0 16\u00a0ans, c\u2019est une question importante pour un professeur d\u2019histoire\u00a0?<\/p>\n<p>Jusqu\u2019\u00e0 maintenant, ce n\u2019\u00e9tait pas un sujet de discussion avec mes \u00e9l\u00e8ves. J\u2019enseigne en lyc\u00e9e professionnel avec des jeunes qui disent que la politique ce n\u2019est pas pour eux. Mais c\u2019est un discours de fa\u00e7ade. En les \u00e9coutant d\u00e9battre, en dehors du lyc\u00e9e, je suis en train d\u2019\u00e9voluer. En fait, ils s\u2019y int\u00e9ressent et ont une vraie r\u00e9flexion tout en mettant en avant un probl\u00e8me de maturit\u00e9.<\/p>\n<p>Quand vous voyez vos \u00e9l\u00e8ves, vous dites-vous qu\u2019ils sont moins politis\u00e9s qu\u2019avant\u00a0?<\/p>\n<p>On ne peut pas g\u00e9n\u00e9raliser. Ils n\u2019ont pas forc\u00e9ment de conscience politique, mais ils peuvent militer sur un sujet donn\u00e9 comme on l\u2019a vu lors des marches pour le climat. J\u2019ai \u00e9t\u00e9 aussi impressionn\u00e9 par exemple de la connaissance qu\u2019ils avaient de la communaut\u00e9 des Ou\u00efghours. Ils peuvent \u00eatre mobilis\u00e9s et mobilisables sur des sujets tr\u00e8s pr\u00e9cis. Des \u00e9l\u00e8ves en lyc\u00e9e professionnel ont d\u00e9j\u00e0 un pied dans le monde des adultes et une conscience de ce qu\u2019est le monde du travail. Le vote pour certains est tr\u00e8s important, d\u2019autres expriment un d\u00e9sabusement comme s\u2019ils n\u2019avaient pas de prise sur ce qui se passe.<\/p>\n<p>Pensez-vous que la politique devrait \u00eatre davantage abord\u00e9e en cours d\u2019histoire\u00a0?<\/p>\n<p>La politique est forc\u00e9ment pr\u00e9sente en histoire. On parle d\u2019\u00e9ducation civique mais pas d\u2019\u00e9ducation politique. Au d\u00e9but des ann\u00e9es 2000, il y a eu l\u2019id\u00e9e d\u2019un enseignement politique et juridique. Id\u00e9e abandonn\u00e9e car le mot politique fait peur. Il y a un tabou. Derri\u00e8re, se pose la question de la neutralit\u00e9 mais on a des outils pour \u00e7a. Quand il se passe quelque chose de grave, comme<a href=\"https:\/\/nantes.maville.com\/actu\/actudet_-apres-l-attaque-au-couteau-au-lycee-a-nantes-l-onde-de-choc-resonne-encore-dans-les-cites-scolaires-_52716-6812525_actu.Htm?utm_source=troove&amp;utm_medium=site\" target=\"_self\" rel=\"noopener\"> l\u2019attaque au couteau au lyc\u00e9e\u00a0Notre-Dame-de-Toutes-Aides, \u00e0 Nantes,<\/a> ou quand des enseignants sont tu\u00e9s, les fronti\u00e8res sautent. Je me dis qu\u2019il y aurait un int\u00e9r\u00eat \u00e0 faire entrer davantage la soci\u00e9t\u00e9 dans nos \u00e9tablissements et dans nos programmes.<\/p>\n<p>\u00a0<\/p>\n","protected":false},"excerpt":{"rendered":"Quand le professeur de fran\u00e7ais-histoire-g\u00e9ographie, J\u00e9r\u00f4me Presneau, a parl\u00e9 \u00e0 sa classe de seconde bac pro du lyc\u00e9e&hellip;\n","protected":false},"author":2,"featured_media":161033,"comment_status":"","ping_status":"","sticky":false,"template":"","format":"standard","meta":{"footnotes":""},"categories":[2818],"tags":[1111,11,1777,674,1011,27,29267,4074,2633,29270,29268,766,12,2636,316,25,29269],"class_list":{"0":"post-161032","1":"post","2":"type-post","3":"status-publish","4":"format-standard","5":"has-post-thumbnail","7":"category-nantes","8":"tag-actu","9":"tag-actualites","10":"tag-eu","11":"tag-europe","12":"tag-fr","13":"tag-france","14":"tag-interessent","15":"tag-jeunes","16":"tag-lycee","17":"tag-maturite","18":"tag-mettant","19":"tag-nantes","20":"tag-news","21":"tag-pays-de-la-loire","22":"tag-politique","23":"tag-republique-francaise","24":"tag-souci"},"share_on_mastodon":{"url":"https:\/\/pubeurope.com\/@fr\/114648113730251668","error":""},"_links":{"self":[{"href":"https:\/\/www.europesays.com\/fr\/wp-json\/wp\/v2\/posts\/161032","targetHints":{"allow":["GET"]}}],"collection":[{"href":"https:\/\/www.europesays.com\/fr\/wp-json\/wp\/v2\/posts"}],"about":[{"href":"https:\/\/www.europesays.com\/fr\/wp-json\/wp\/v2\/types\/post"}],"author":[{"embeddable":true,"href":"https:\/\/www.europesays.com\/fr\/wp-json\/wp\/v2\/users\/2"}],"replies":[{"embeddable":true,"href":"https:\/\/www.europesays.com\/fr\/wp-json\/wp\/v2\/comments?post=161032"}],"version-history":[{"count":0,"href":"https:\/\/www.europesays.com\/fr\/wp-json\/wp\/v2\/posts\/161032\/revisions"}],"wp:featuredmedia":[{"embeddable":true,"href":"https:\/\/www.europesays.com\/fr\/wp-json\/wp\/v2\/media\/161033"}],"wp:attachment":[{"href":"https:\/\/www.europesays.com\/fr\/wp-json\/wp\/v2\/media?parent=161032"}],"wp:term":[{"taxonomy":"category","embeddable":true,"href":"https:\/\/www.europesays.com\/fr\/wp-json\/wp\/v2\/categories?post=161032"},{"taxonomy":"post_tag","embeddable":true,"href":"https:\/\/www.europesays.com\/fr\/wp-json\/wp\/v2\/tags?post=161032"}],"curies":[{"name":"wp","href":"https:\/\/api.w.org\/{rel}","templated":true}]}}