{"id":161034,"date":"2025-06-08T14:02:13","date_gmt":"2025-06-08T14:02:13","guid":{"rendered":"https:\/\/www.europesays.com\/fr\/161034\/"},"modified":"2025-06-08T14:02:13","modified_gmt":"2025-06-08T14:02:13","slug":"a-nantes-un-pere-de-famille-pris-a-partie-dans-le-bus-par-un-individu-arme-dun-tesson-de","status":"publish","type":"post","link":"https:\/\/www.europesays.com\/fr\/161034\/","title":{"rendered":"\u00c0 Nantes, un p\u00e8re de famille pris \u00e0 partie dans le bus par un individu arm\u00e9 d\u2019un tesson de"},"content":{"rendered":"<p>Les faits se sont d\u00e9roul\u00e9s samedi 7\u00a0juin, place Pirmil, \u00e0 Nantes (Loire-Atlantique). Alors qu\u2019il se trouve dans le bus avec ses enfants, un p\u00e8re de famille est pris \u00e0 partie et agress\u00e9 par un individu arm\u00e9 d\u2019un tesson de bouteille. Dans sa poche sera \u00e9galement retrouv\u00e9 un petit couteau, dont il n\u2019a visiblement pas fait usage.<\/p>\n<p>Cet individu, \u00e2g\u00e9 de 30\u00a0ans, a \u00e9t\u00e9 interpell\u00e9 par les policiers et plac\u00e9 en garde \u00e0 vue au commissariat central de la place Waldeck-Rousseau, o\u00f9 il se trouvait encore dimanche matin. La victime n\u2019a quant \u00e0 elle pas \u00e9t\u00e9 bless\u00e9e dans cette agression.<\/p>\n<p>\u00a0<\/p>\n","protected":false},"excerpt":{"rendered":"Les faits se sont d\u00e9roul\u00e9s samedi 7\u00a0juin, place Pirmil, \u00e0 Nantes (Loire-Atlantique). Alors qu\u2019il se trouve dans le&hellip;\n","protected":false},"author":2,"featured_media":161035,"comment_status":"","ping_status":"","sticky":false,"template":"","format":"standard","meta":{"footnotes":""},"categories":[2818],"tags":[1111,11,10268,17392,7048,1777,674,652,1011,27,23912,766,12,11695,2636,6552,17907,25,29271],"class_list":{"0":"post-161034","1":"post","2":"type-post","3":"status-publish","4":"format-standard","5":"has-post-thumbnail","7":"category-nantes","8":"tag-actu","9":"tag-actualites","10":"tag-arme","11":"tag-bouteille","12":"tag-bus","13":"tag-eu","14":"tag-europe","15":"tag-famille","16":"tag-fr","17":"tag-france","18":"tag-individu","19":"tag-nantes","20":"tag-news","21":"tag-partie","22":"tag-pays-de-la-loire","23":"tag-pere","24":"tag-pris","25":"tag-republique-francaise","26":"tag-tesson"},"share_on_mastodon":{"url":"https:\/\/pubeurope.com\/@fr\/114648117846913898","error":""},"_links":{"self":[{"href":"https:\/\/www.europesays.com\/fr\/wp-json\/wp\/v2\/posts\/161034","targetHints":{"allow":["GET"]}}],"collection":[{"href":"https:\/\/www.europesays.com\/fr\/wp-json\/wp\/v2\/posts"}],"about":[{"href":"https:\/\/www.europesays.com\/fr\/wp-json\/wp\/v2\/types\/post"}],"author":[{"embeddable":true,"href":"https:\/\/www.europesays.com\/fr\/wp-json\/wp\/v2\/users\/2"}],"replies":[{"embeddable":true,"href":"https:\/\/www.europesays.com\/fr\/wp-json\/wp\/v2\/comments?post=161034"}],"version-history":[{"count":0,"href":"https:\/\/www.europesays.com\/fr\/wp-json\/wp\/v2\/posts\/161034\/revisions"}],"wp:featuredmedia":[{"embeddable":true,"href":"https:\/\/www.europesays.com\/fr\/wp-json\/wp\/v2\/media\/161035"}],"wp:attachment":[{"href":"https:\/\/www.europesays.com\/fr\/wp-json\/wp\/v2\/media?parent=161034"}],"wp:term":[{"taxonomy":"category","embeddable":true,"href":"https:\/\/www.europesays.com\/fr\/wp-json\/wp\/v2\/categories?post=161034"},{"taxonomy":"post_tag","embeddable":true,"href":"https:\/\/www.europesays.com\/fr\/wp-json\/wp\/v2\/tags?post=161034"}],"curies":[{"name":"wp","href":"https:\/\/api.w.org\/{rel}","templated":true}]}}