{"id":161039,"date":"2025-06-08T14:05:09","date_gmt":"2025-06-08T14:05:09","guid":{"rendered":"https:\/\/www.europesays.com\/fr\/161039\/"},"modified":"2025-06-08T14:05:09","modified_gmt":"2025-06-08T14:05:09","slug":"insolite-du-theatre-dans-les-caves-de-toulouse-cest-la-proposition-singuliere-de-cette-compagnie","status":"publish","type":"post","link":"https:\/\/www.europesays.com\/fr\/161039\/","title":{"rendered":"Insolite. Du th\u00e9\u00e2tre dans les caves de Toulouse, c\u2019est la proposition singuli\u00e8re de cette compagnie"},"content":{"rendered":"<p>            Par<br \/>\n        <strong><br \/>\n            <a href=\"https:\/\/actu.fr\/auteur\/ancelin-emeryhenriot\" title=\"Consulter tous les articles de Ancelin Emery-Henriot\" rel=\"nofollow noopener\" target=\"_blank\">Ancelin Emery-Henriot<\/a><br \/>\n        <\/strong><\/p>\n<p>        Publi\u00e9 le<\/p>\n<p>            8 juin 2025 \u00e0 15h16        <\/p>\n<p>Concert de 12 h dans une \u00e9glise, tarte aux fraises de 20 m2\u2026 Il s\u2019en passe <strong>des choses \u00e9tranges<\/strong> \u00e0 <strong><a href=\"https:\/\/actu.fr\/toulouse\/\" rel=\"nofollow noopener\" target=\"_blank\">Toulouse<\/a><\/strong>. Et la troisi\u00e8me \u00e9dition du <strong>Festival des Caves<\/strong>, qui a d\u00e9but\u00e9 ce mardi 3 juin 2025, ne va pas aller \u00e0 contresens. Le concept : des repr\u00e9sentations th\u00e9\u00e2trales dans des \u201clieux insolites et coup\u00e9s du quotidien\u201d, des <strong>sous-sols<\/strong> dans la majorit\u00e9 des cas, selon l\u2019organisation. Une it\u00e9ration 2025 qui sera, malgr\u00e9 un \u00e9courtement de sa programmation, \u201cplus inventive, intime et chaleureuse\u201d.<\/p>\n<p>Des coins secrets<\/p>\n<p class=\" wall-content\">Et ce seront <strong>12 com\u00e9diens<\/strong> et une compagnie qui pr\u00e9senteront 11 pi\u00e8ces dans plusieurs lieux de la ville. En effet, de Saint-Cyprien jusqu\u2019\u00e0 Rangueil, en passant par les Carmes ou le Capitole, la compagnie Vorace, qui organise l\u2019\u00e9v\u00e9nement, fera<strong> le tour de la ville.<\/strong>\u00a0<\/p>\n<p class=\" wall-content\">Le festival est une manifestation qui se veut<strong> intimiste<\/strong>. Les organisateurs ne communiquent volontairement le lieu du spectacle que le soir de la repr\u00e9sentation. Ils<strong> limitent<\/strong> \u00e9galement le nombre de places disponibles pour chaque repr\u00e9sentation.\u00a0<\/p>\n<p>L\u2019\u00e9mancipation<\/p>\n<p class=\" wall-content\">Il faut noter que pour la premi\u00e8re ann\u00e9e l\u2019organisation <strong>s\u2019est \u00e9mancip\u00e9e<\/strong>. Pour remettre du contexte, le Festival des Caves est n\u00e9 en 2006, \u00e0 Besan\u00e7on. Au fil des ans, des antennes sont n\u00e9es de cette base franc-comtoise. Celle de Toulouse appara\u00eet <strong>en 2023<\/strong>.<\/p>\n<p>Vid\u00e9os : en ce moment sur Actu<\/p>\n<p class=\" wall-content\">La \u201cmaison m\u00e8re\u201d de l\u2019\u00e9v\u00e9nement a entam\u00e9 une mutation cette ann\u00e9e. Elle est devenue \u201cLes Souterraines\u201d, laissant toutes les antennes r\u00e9gionales <strong>orphelines<\/strong>. La compagnie Vorace indique qu\u2019apr\u00e8s de longues h\u00e9sitations, elle a d\u00e9cid\u00e9 de \u201ctenir le pari\u201d et de \u201c<strong>poursuivre l\u2019aventure<\/strong>\u201d. Elle pr\u00e9cise que \u201cl\u2019accueil chaleureux du public\u201d les a \u201cconvaincus de la pertinence de ce projet singulier.\u201d<\/p>\n<p><strong>Infos pratiques :<\/strong><br \/>\nBilletterie d\u00e9j\u00e0 ouverte <a href=\"https:\/\/billetterie.festik.net\/cievoraces\/tab\/festival-de-caves-toulouse-3\/\" rel=\"nofollow noopener\" target=\"_blank\">en ligne<\/a><\/p>\n<p class=\" wall-content\">Suivez toute l\u2019actualit\u00e9 de vos villes et m\u00e9dias favoris en vous inscrivant \u00e0 <a href=\"https:\/\/moncompte.actu.fr\" title=\"D\u00e9couvez Mon Actu\" rel=\"nofollow noopener\" data-trk=\"{&quot;cta&quot;:{&quot;action&quot;:&quot;https:\\\/\\\/moncompte.actu.fr&quot;,&quot;category&quot;:&quot;mon compte&quot;,&quot;from&quot;:&quot;article footer&quot;,&quot;name&quot;:&quot;Mon actu&quot;,&quot;type&quot;:&quot;cta&quot;}}\" target=\"_blank\">Mon Actu<\/a>.<\/p>\n","protected":false},"excerpt":{"rendered":"Par Ancelin Emery-Henriot Publi\u00e9 le 8 juin 2025 \u00e0 15h16 Concert de 12 h dans une \u00e9glise, tarte&hellip;\n","protected":false},"author":2,"featured_media":161040,"comment_status":"","ping_status":"","sticky":false,"template":"","format":"standard","meta":{"footnotes":""},"categories":[2816],"tags":[1111,11,1777,674,1011,27,1652,12,2680,25,1341,1347,2312],"class_list":{"0":"post-161039","1":"post","2":"type-post","3":"status-publish","4":"format-standard","5":"has-post-thumbnail","7":"category-toulouse","8":"tag-actu","9":"tag-actualites","10":"tag-eu","11":"tag-europe","12":"tag-fr","13":"tag-france","14":"tag-loisirs-culture","15":"tag-news","16":"tag-occitanie","17":"tag-republique-francaise","18":"tag-sortir-a-toulouse","19":"tag-theatre","20":"tag-toulouse"},"share_on_mastodon":{"url":"https:\/\/pubeurope.com\/@fr\/114648129396425763","error":""},"_links":{"self":[{"href":"https:\/\/www.europesays.com\/fr\/wp-json\/wp\/v2\/posts\/161039","targetHints":{"allow":["GET"]}}],"collection":[{"href":"https:\/\/www.europesays.com\/fr\/wp-json\/wp\/v2\/posts"}],"about":[{"href":"https:\/\/www.europesays.com\/fr\/wp-json\/wp\/v2\/types\/post"}],"author":[{"embeddable":true,"href":"https:\/\/www.europesays.com\/fr\/wp-json\/wp\/v2\/users\/2"}],"replies":[{"embeddable":true,"href":"https:\/\/www.europesays.com\/fr\/wp-json\/wp\/v2\/comments?post=161039"}],"version-history":[{"count":0,"href":"https:\/\/www.europesays.com\/fr\/wp-json\/wp\/v2\/posts\/161039\/revisions"}],"wp:featuredmedia":[{"embeddable":true,"href":"https:\/\/www.europesays.com\/fr\/wp-json\/wp\/v2\/media\/161040"}],"wp:attachment":[{"href":"https:\/\/www.europesays.com\/fr\/wp-json\/wp\/v2\/media?parent=161039"}],"wp:term":[{"taxonomy":"category","embeddable":true,"href":"https:\/\/www.europesays.com\/fr\/wp-json\/wp\/v2\/categories?post=161039"},{"taxonomy":"post_tag","embeddable":true,"href":"https:\/\/www.europesays.com\/fr\/wp-json\/wp\/v2\/tags?post=161039"}],"curies":[{"name":"wp","href":"https:\/\/api.w.org\/{rel}","templated":true}]}}