{"id":16104,"date":"2025-04-10T23:45:31","date_gmt":"2025-04-10T23:45:31","guid":{"rendered":"https:\/\/www.europesays.com\/fr\/16104\/"},"modified":"2025-04-10T23:45:31","modified_gmt":"2025-04-10T23:45:31","slug":"la-proposition-de-loi-adoptee-liberation","status":"publish","type":"post","link":"https:\/\/www.europesays.com\/fr\/16104\/","title":{"rendered":"la proposition de loi adopt\u00e9e \u2013 Lib\u00e9ration"},"content":{"rendered":"<p class=\"sc-cPiKLX AiZTS text-element\">La loi dite \u00abPLM\u00bb a \u00e9t\u00e9 adopt\u00e9e \u00e0 l\u2019Assembl\u00e9e nationale ce mercredi 9 avril, par 183 d\u00e9put\u00e9s contre 53. Il a re\u00e7u le soutien d\u2019une bonne partie de la coalition gouvernementale, LR compris, de LFI et du RN, contre le reste de la gauche. Cette loi dite Paris-Lyon-Marseille va <a href=\"https:\/\/www.liberation.fr\/politique\/reforme-de-la-loi-paris-lyon-marseille-le-socle-commun-ne-sait-plus-ou-il-habite-20250311_SNKC4CL5EJAO7MCGSCO6Y7LCY4\/\" target=\"_blank\" rel=\"nofollow noopener\">modifier le mode de scrutin des municipales<\/a> de ces trois villes, qui sont organis\u00e9es autour d\u2019arrondissements. Aujourd\u2019hui, les conseils municipaux ne sont pas \u00e9lus directement par les \u00e9lecteurs mais d\u00e9pendent des listes qui ont remport\u00e9 chaque secteur, une particularit\u00e9 mise en place par une loi vot\u00e9e en 1982. Ce nouveau texte corrige cette sp\u00e9cificit\u00e9 pour les trois plus grandes villes fran\u00e7aises : deux bulletins seront mis en place, un pour le conseil municipal et l\u2019autre, pour la mairie centrale. Ainsi, le maire ne peut plus \u00eatre \u00e9lu sans la majorit\u00e9 des voix, ce qui est le cas, sur le papier, dans le pr\u00e9c\u00e9dent texte. Mais cela n\u2019arrive que tr\u00e8s rarement. Le texte va d\u00e9sormais retourner au s\u00e9nat.<\/p>\n<p class=\"sc-cPiKLX AiZTS text-element\">Le vote de ce texte \u00e9tait particuli\u00e8rement incertain avant la s\u00e9ance. Largement adopt\u00e9e en commission le 2 avril gr\u00e2ce aux voix de Renaissance, du Modem, de La France insoumise et du Rassemblement national, elle a vu Horizons s\u2019abstenir, Les R\u00e9publicains et le reste de la gauche s\u2019y opposer. Seule exception, le socialiste marseillais Laurent Lhardit qui a vot\u00e9 le texte. Un exemple des divisions que la proposition de loi a cr\u00e9\u00e9 au sein des partis.<\/p>\n<p class=\"sc-cPiKLX AiZTS text-element\">En cause, une vision radicalement diff\u00e9rente des scrutins entre les trois villes. A gauche, la maire parisienne Anne Hidalgo a critiqu\u00e9 le caract\u00e8re \u00abpr\u00e9cipit\u00e9 et non concert\u00e9e\u00bb de la r\u00e9forme, dans une longue lettre adress\u00e9e au Premier ministre le 17 f\u00e9vrier. A l\u2019inverse, son homologue marseillais soutient le texte pour des raisons d\u2019\u00e9galit\u00e9. \u00abIl n\u2019y a pas de raisons que ces trois villes soient trait\u00e9es diff\u00e9remment des autres villes fran\u00e7aises\u00bb, a d\u00e9fendu le maire de Marseille, Beno\u00eet Payan, sur France Info le 2 avril. Chez les macronistes, si le texte est soutenu \u00e0 Paris par Renaissance, il est fustig\u00e9 par le pr\u00e9sident de la r\u00e9gion Provence-Alpes-C\u00f4te-d\u2019Azur, \u00e9galement Renaissance, Renaud Muselier. Il d\u00e9plore un \u00abtripatouillage \u00e9lectoral\u00bb destin\u00e9 \u00e0 glaner des mairies <a href=\"https:\/\/www.liberation.fr\/politique\/municipales-2026-que-contient-le-projet-de-reforme-du-mode-de-scrutin-a-paris-lyon-et-marseille-20250225_VOP56VMFRJESTDTIJYQGH45ZME\/\" target=\"_blank\" rel=\"nofollow noopener\">lors des municipales en mars 2026<\/a>.<\/p>\n<p class=\"sc-cPiKLX AiZTS text-element\">Au sein m\u00eame du gouvernement, le texte a cr\u00e9\u00e9 des remous. Si le Premier ministre, Fran\u00e7ois Bayrou, soutient le texte, \u00e0 l\u2019image du Modem, il ne fait pas le bonheur du ministre de l\u2019Int\u00e9rieur, Bruno Retailleau, pourtant charg\u00e9 de l\u2019organisation des \u00e9lections. Ce d\u00e9saccord explique la pr\u00e9sence du ministre des Relations avec le Parlement, Patrick Mignola, sur les bancs de l\u2019Assembl\u00e9e nationale, plut\u00f4t que celle de l\u2019ancien chef de file des s\u00e9nateurs LR. Si le vote \u00e9tait incertain, Fran\u00e7ois Bayrou avait exclu de passer le texte en force. \u00abJe n\u2019imagine pas qu\u2019un texte puisse \u00eatre adopt\u00e9 sur ce sujet sans qu\u2019il y ait accord de l\u2019Assembl\u00e9e nationale et du S\u00e9nat\u00bb, avait-il affirm\u00e9 le 19 f\u00e9vrier lors des questions au gouvernement.<\/p>\n","protected":false},"excerpt":{"rendered":"La loi dite \u00abPLM\u00bb a \u00e9t\u00e9 adopt\u00e9e \u00e0 l\u2019Assembl\u00e9e nationale ce mercredi 9 avril, par 183 d\u00e9put\u00e9s contre&hellip;\n","protected":false},"author":2,"featured_media":16105,"comment_status":"","ping_status":"","sticky":false,"template":"","format":"standard","meta":{"footnotes":""},"categories":[2814],"tags":[1111,11,416,1777,674,1011,27,2428,884,5945,12,626,882,25],"class_list":{"0":"post-16104","1":"post","2":"type-post","3":"status-publish","4":"format-standard","5":"has-post-thumbnail","7":"category-marseille","8":"tag-actu","9":"tag-actualites","10":"tag-assemblee-nationale","11":"tag-eu","12":"tag-europe","13":"tag-fr","14":"tag-france","15":"tag-lyon","16":"tag-marseille","17":"tag-municipales-elections","18":"tag-news","19":"tag-paris","20":"tag-provence-alpes-cote-dazur","21":"tag-republique-francaise"},"share_on_mastodon":{"url":"https:\/\/pubeurope.com\/@fr\/114316333828264698","error":""},"_links":{"self":[{"href":"https:\/\/www.europesays.com\/fr\/wp-json\/wp\/v2\/posts\/16104","targetHints":{"allow":["GET"]}}],"collection":[{"href":"https:\/\/www.europesays.com\/fr\/wp-json\/wp\/v2\/posts"}],"about":[{"href":"https:\/\/www.europesays.com\/fr\/wp-json\/wp\/v2\/types\/post"}],"author":[{"embeddable":true,"href":"https:\/\/www.europesays.com\/fr\/wp-json\/wp\/v2\/users\/2"}],"replies":[{"embeddable":true,"href":"https:\/\/www.europesays.com\/fr\/wp-json\/wp\/v2\/comments?post=16104"}],"version-history":[{"count":0,"href":"https:\/\/www.europesays.com\/fr\/wp-json\/wp\/v2\/posts\/16104\/revisions"}],"wp:featuredmedia":[{"embeddable":true,"href":"https:\/\/www.europesays.com\/fr\/wp-json\/wp\/v2\/media\/16105"}],"wp:attachment":[{"href":"https:\/\/www.europesays.com\/fr\/wp-json\/wp\/v2\/media?parent=16104"}],"wp:term":[{"taxonomy":"category","embeddable":true,"href":"https:\/\/www.europesays.com\/fr\/wp-json\/wp\/v2\/categories?post=16104"},{"taxonomy":"post_tag","embeddable":true,"href":"https:\/\/www.europesays.com\/fr\/wp-json\/wp\/v2\/tags?post=16104"}],"curies":[{"name":"wp","href":"https:\/\/api.w.org\/{rel}","templated":true}]}}