{"id":161045,"date":"2025-06-08T14:09:09","date_gmt":"2025-06-08T14:09:09","guid":{"rendered":"https:\/\/www.europesays.com\/fr\/161045\/"},"modified":"2025-06-08T14:09:09","modified_gmt":"2025-06-08T14:09:09","slug":"le-rappeur-marseillais-dadinho-condamne-a-5-ans-de-prison-pour-avoir-frappe-un-homme-dans-une-rixe-alcoolisee","status":"publish","type":"post","link":"https:\/\/www.europesays.com\/fr\/161045\/","title":{"rendered":"Le rappeur marseillais Dadinho condamn\u00e9 \u00e0 5\u00a0ans de prison pour avoir frapp\u00e9 un homme dans une rixe alcoolis\u00e9e"},"content":{"rendered":"<p>Sous les paillettes, le m\u00e9tal froid des barreaux de prison. Le rappeur marseillais Mamadou M\u2019Baye, connu sous le pseudonyme de Dadinho, a \u00e9t\u00e9 condamn\u00e9 ce jeudi 5\u00a0juin par le tribunal correctionnel de Marseille \u00e0 une peine de 5\u00a0ans de prison ferme pour des violences commises le 23\u00a0septembre\u00a02024 sur Paul*, un jeune chef de rang, sur fond de soir\u00e9e alcoolis\u00e9e. Un unique coup de poing au visage &#8211; reconnu par le rappeur &#8211; aux cons\u00e9quences effroyables\u00a0: h\u00e9matome c\u00e9r\u00e9bral, op\u00e9ration en urgence, r\u00e9animation et r\u00e9\u00e9ducation, s\u00e9quelles neurologiques lourdes et d\u00e9finitives.<\/p>\n<p>Cette nuit-l\u00e0, vers 3h du matin, le chemin des deux protagonistes s\u2019\u00e9tait crois\u00e9 devant une alimentation de la place Paul-C\u00e9zanne, dans le quartier de Notre-Dame du Mont, \u00e0 <a href=\"https:\/\/www.laprovence.com\/bouches-du-rhone\/marseille-13055\" target=\"_blank\" rel=\"noopener\">Marseille<\/a>.\u00a0Paul, accompagn\u00e9 de plusieurs amis, venait y acheter de l\u2019alcool, pour poursuivre la soir\u00e9e. D\u00e9j\u00e0 ivre, il titubait. Devant le commerce, une rixe s\u2019\u00e9tait d\u00e9clench\u00e9e pour un motif futile. Dadinho lui aussi semblait \u00ab\u00a0d\u00e9chir\u00e9\u00a0\u00bb, selon des t\u00e9moins, ce qu\u2019il a contest\u00e9 au proc\u00e8s. Il a racont\u00e9 avoir re\u00e7u une gifle &#8211; ce que les amis de Paul n\u2019ont jamais confirm\u00e9 &#8211; et s\u2019\u00eatre fendu d\u2019un crochet dont la victime ne s\u2019\u00e9tait pas relev\u00e9e. Paniqu\u00e9, le musicien avait tent\u00e9 de le r\u00e9veiller, avant que les pompiers n\u2019interviennent.<\/p>\n<p>Membre du collectif 13 Organis\u00e9<\/p>\n<p>Dans le box des pr\u00e9venus, ce jeudi 5\u00a0juin, Dadinho semblait effar\u00e9 d\u2019en \u00eatre arriv\u00e9 l\u00e0. Quelques heures apr\u00e8s la rixe, la police \u00e9tait venue le cueillir pour une tout autre raison\u00a0: sous le coup d\u2019un sursis probatoire li\u00e9 \u00e0 une pr\u00e9c\u00e9dente condamnation, il n\u2019avait pas respect\u00e9 ses rendez-vous avec le service p\u00e9nitentiaire d\u2019insertion et de probation. Retour en prison. \u00ab\u00a0J\u2019avais des concerts, des clips\u2026\u00a0\u00bb, a \u00e9lud\u00e9 devant ses juges l\u2019artiste originaire de La Castellane, membre du collectif <a href=\"https:\/\/www.laprovence.com\/article\/culture-loisirs\/1443297174610715\/lalbum-13-organise-2-sort-ce-vendredi-4-ans-apres-le-succes-du-premier-opus\" target=\"_blank\" rel=\"noopener\">13 Organis\u00e9<\/a> et figure connue de la <a href=\"https:\/\/www.laprovence.com\/article\/region\/3905838155700714\/du-rap-pour-lever-les-tabous-sur-la-sante-mentale-des-jeunes\" target=\"_blank\" rel=\"noopener\">sc\u00e8ne rap phoc\u00e9enne<\/a>. Sa notori\u00e9t\u00e9 lui avait valu d\u2019\u00eatre reconnu par des t\u00e9moins de la rixe, et plac\u00e9 en garde \u00e0 vue \u00e0 sa sortie de d\u00e9tention en d\u00e9cembre\u00a02024.<\/p>\n<p>\u00ab\u00a0Tout ce qu\u2019il s\u2019est pass\u00e9 n\u2019est pas voulu, je m\u2019excuse \u00e0 la famille. [\u2026] Devant l\u2019alimentation, il y avait un attroupement et une bagarre. J\u2019y suis all\u00e9 pour s\u00e9parer, j\u2019avais un ami qui y travaillait\u2026 Je vais pour parler, je re\u00e7ois un coup, je mets un coup. J\u2019ai cash r\u00e9pondu.\u00a0\u00bb, s\u2019est-il rem\u00e9mor\u00e9. Avait-il conscience de la puissance de son geste\u00a0? La police le pensait, rappelant que le rappeur avait \u00e9t\u00e9 militaire dans l\u2019infanterie et pratiqu\u00e9 la box tha\u00ef. \u00ab\u00a0Juste pour des stories, pour le marketing\u00a0!\u00a0\u00bb \u00ab\u00a0Je ne suis pas un homme violent\u00a0\u00bb, a assur\u00e9 Dadinho dans le box. Un ombre au tableau, pourtant\u00a0: son casier judiciaire porteur de plusieurs condamnations, dont une pour violences habituelles sur son ex-conjointe\u2026<\/p>\n<p>Cinq ans de prison requis<\/p>\n<p>Autant d\u2019\u00e9l\u00e9ments qui ont conduit le procureur Nicolas Ruby \u00e0 demander son incarc\u00e9ration pour cinq ans, assortis de la r\u00e9vocation d\u2019un pr\u00e9c\u00e9dent sursis de 5 mois. Il a \u00e9t\u00e9 suivi \u00e0 la lettre par le tribunal. Quelques instants auparavant, l\u2019avocate de Paul, Me Julie Requin, \u00e9tait venue d\u00e9peindre les cons\u00e9quences \u00ab\u00a0irr\u00e9m\u00e9diables\u00a0\u00bb sur l\u2019ancien chef de rang, \u00ab\u00a0enferm\u00e9 dans un monde o\u00f9 il n\u2019arrive m\u00eame plus \u00e0 d\u00e9signer les objets, reconna\u00eetre les gens, s\u2019exprimer. [\u2026] C\u2019est une vie bris\u00e9e.\u00a0\u00bb.<\/p>\n<p>En d\u00e9fense, Me Thomas Galtier, avait pourtant tent\u00e9 d\u2019adoucir la peine, convaincu que son client avait bien re\u00e7u une gifle, qui l\u2019avait pouss\u00e9 \u00e0 r\u00e9agir, mettant en avant son remords pour la victime et sa famille. Et avait encourag\u00e9 le tribunal \u00e0 ne pas choisir la s\u00e9v\u00e9rit\u00e9. \u00ab\u00a0Sur l\u2019autel d\u2019une soir\u00e9e de beuverie tragique, on sacrifiera plus une, mais deux personnes.\u00a0\u00bb, avait-il conclu.<\/p>\n","protected":false},"excerpt":{"rendered":"Sous les paillettes, le m\u00e9tal froid des barreaux de prison. Le rappeur marseillais Mamadou M\u2019Baye, connu sous le&hellip;\n","protected":false},"author":2,"featured_media":161046,"comment_status":"","ping_status":"","sticky":false,"template":"","format":"standard","meta":{"footnotes":""},"categories":[2814],"tags":[17,29273,1111,11,8652,29272,1777,674,274,1011,27,761,884,12,471,806,882,6198,25],"class_list":{"0":"post-161045","1":"post","2":"type-post","3":"status-publish","4":"format-standard","5":"has-post-thumbnail","7":"category-marseille","8":"tag-17","9":"tag-5-ans","10":"tag-actu","11":"tag-actualites","12":"tag-condamne","13":"tag-dadinho","14":"tag-eu","15":"tag-europe","16":"tag-faits-divers-justice","17":"tag-fr","18":"tag-france","19":"tag-marseillais","20":"tag-marseille","21":"tag-news","22":"tag-pour","23":"tag-prison","24":"tag-provence-alpes-cote-dazur","25":"tag-rappeur","26":"tag-republique-francaise"},"share_on_mastodon":{"url":"https:\/\/pubeurope.com\/@fr\/114648145152107891","error":""},"_links":{"self":[{"href":"https:\/\/www.europesays.com\/fr\/wp-json\/wp\/v2\/posts\/161045","targetHints":{"allow":["GET"]}}],"collection":[{"href":"https:\/\/www.europesays.com\/fr\/wp-json\/wp\/v2\/posts"}],"about":[{"href":"https:\/\/www.europesays.com\/fr\/wp-json\/wp\/v2\/types\/post"}],"author":[{"embeddable":true,"href":"https:\/\/www.europesays.com\/fr\/wp-json\/wp\/v2\/users\/2"}],"replies":[{"embeddable":true,"href":"https:\/\/www.europesays.com\/fr\/wp-json\/wp\/v2\/comments?post=161045"}],"version-history":[{"count":0,"href":"https:\/\/www.europesays.com\/fr\/wp-json\/wp\/v2\/posts\/161045\/revisions"}],"wp:featuredmedia":[{"embeddable":true,"href":"https:\/\/www.europesays.com\/fr\/wp-json\/wp\/v2\/media\/161046"}],"wp:attachment":[{"href":"https:\/\/www.europesays.com\/fr\/wp-json\/wp\/v2\/media?parent=161045"}],"wp:term":[{"taxonomy":"category","embeddable":true,"href":"https:\/\/www.europesays.com\/fr\/wp-json\/wp\/v2\/categories?post=161045"},{"taxonomy":"post_tag","embeddable":true,"href":"https:\/\/www.europesays.com\/fr\/wp-json\/wp\/v2\/tags?post=161045"}],"curies":[{"name":"wp","href":"https:\/\/api.w.org\/{rel}","templated":true}]}}