{"id":161049,"date":"2025-06-08T14:11:10","date_gmt":"2025-06-08T14:11:10","guid":{"rendered":"https:\/\/www.europesays.com\/fr\/161049\/"},"modified":"2025-06-08T14:11:10","modified_gmt":"2025-06-08T14:11:10","slug":"talant-la-premiere-terrasse-dete-aura-lieu-ce-jeudi-au-parc-de-la-cerisaie","status":"publish","type":"post","link":"https:\/\/www.europesays.com\/fr\/161049\/","title":{"rendered":"Talant. La premi\u00e8re Terrasse d\u2019\u00e9t\u00e9 aura lieu ce jeudi au parc de La Cerisaie"},"content":{"rendered":"<p>Durant toute la p\u00e9riode estivale, la municipalit\u00e9 de Talant organise Les Terrasses d\u2019\u00e9t\u00e9, un \u00e9v\u00e9nement convivial qui se tient depuis 2022 les jeudis soir dans un quartier diff\u00e9rent de la commune et attire \u00e0 chaque fois quelque 200\u00a0riverains. Le premier rendez-vous est finalement fix\u00e9 \u00e0 ce jeudi 12\u00a0juin au parc de la Cerisaie et non pas rue de Gimbsheim, comme nous l\u2019avions \u00e9crit dans notre \u00e9dition du vendredi 6\u00a0juin.<\/p>\n<p>\u00ab\u00a0L\u2019inauguration de cette saison estivale \u00e9tait pr\u00e9vue, au d\u00e9part, rue de Gimbsheim, mais nous l\u2019avons finalement d\u00e9localis\u00e9e pour proposer cette premi\u00e8re Terrasse d\u2019\u00e9t\u00e9 au parc de La Cerisaie, lieu tr\u00e8s ombrag\u00e9 et propice \u00e0 passer une belle soir\u00e9e musicale\u00a0\u00bb, confie Thomas Lelong, chef du service citoyennet\u00e9 \u00e0 la Ville de Talant.<\/p>\n<p class=\"note\"> \u25b6 \u2002 Terrasse d\u2019\u00e9t\u00e9 Talant &#8211; Jeudi 12\u00a0juin, \u00e0 partir de 18\u00a0h\u00a030 au parc de la Cerisaie, rue de la Lib\u00e9ration \u00e0 Talant.<\/p>\n","protected":false},"excerpt":{"rendered":"Durant toute la p\u00e9riode estivale, la municipalit\u00e9 de Talant organise Les Terrasses d\u2019\u00e9t\u00e9, un \u00e9v\u00e9nement convivial qui se&hellip;\n","protected":false},"author":2,"featured_media":161050,"comment_status":"","ping_status":"","sticky":false,"template":"","format":"standard","meta":{"footnotes":""},"categories":[1889],"tags":[1111,11,2430,1687,8588,1777,674,107,1011,27,2428,12,4043,25,953,29275,29276],"class_list":{"0":"post-161049","1":"post","2":"type-post","3":"status-publish","4":"format-standard","5":"has-post-thumbnail","7":"category-lyon","8":"tag-actu","9":"tag-actualites","10":"tag-auvergne-rhone-alpes","11":"tag-culture-loisirs","12":"tag-edition-dijon-et-son-agglomeration","13":"tag-eu","14":"tag-europe","15":"tag-fil-info","16":"tag-fr","17":"tag-france","18":"tag-lyon","19":"tag-news","20":"tag-repas-et-the-dansant","21":"tag-republique-francaise","22":"tag-soiree","23":"tag-talant","24":"tag-talant-bassin"},"share_on_mastodon":{"url":"https:\/\/pubeurope.com\/@fr\/114648153031459849","error":""},"_links":{"self":[{"href":"https:\/\/www.europesays.com\/fr\/wp-json\/wp\/v2\/posts\/161049","targetHints":{"allow":["GET"]}}],"collection":[{"href":"https:\/\/www.europesays.com\/fr\/wp-json\/wp\/v2\/posts"}],"about":[{"href":"https:\/\/www.europesays.com\/fr\/wp-json\/wp\/v2\/types\/post"}],"author":[{"embeddable":true,"href":"https:\/\/www.europesays.com\/fr\/wp-json\/wp\/v2\/users\/2"}],"replies":[{"embeddable":true,"href":"https:\/\/www.europesays.com\/fr\/wp-json\/wp\/v2\/comments?post=161049"}],"version-history":[{"count":0,"href":"https:\/\/www.europesays.com\/fr\/wp-json\/wp\/v2\/posts\/161049\/revisions"}],"wp:featuredmedia":[{"embeddable":true,"href":"https:\/\/www.europesays.com\/fr\/wp-json\/wp\/v2\/media\/161050"}],"wp:attachment":[{"href":"https:\/\/www.europesays.com\/fr\/wp-json\/wp\/v2\/media?parent=161049"}],"wp:term":[{"taxonomy":"category","embeddable":true,"href":"https:\/\/www.europesays.com\/fr\/wp-json\/wp\/v2\/categories?post=161049"},{"taxonomy":"post_tag","embeddable":true,"href":"https:\/\/www.europesays.com\/fr\/wp-json\/wp\/v2\/tags?post=161049"}],"curies":[{"name":"wp","href":"https:\/\/api.w.org\/{rel}","templated":true}]}}