{"id":161051,"date":"2025-06-08T14:12:10","date_gmt":"2025-06-08T14:12:10","guid":{"rendered":"https:\/\/www.europesays.com\/fr\/161051\/"},"modified":"2025-06-08T14:12:10","modified_gmt":"2025-06-08T14:12:10","slug":"des-stands-de-boissons-cet-ete-a-lyon","status":"publish","type":"post","link":"https:\/\/www.europesays.com\/fr\/161051\/","title":{"rendered":"des stands de boissons cet \u00e9t\u00e9 \u00e0 Lyon"},"content":{"rendered":"<p>                            <img loading=\"lazy\" width=\"675\" height=\"423\" class=\"attachment-article size-article wp-post-image lazyload\" alt=\"L'oeuvre de la place Bellecour\" decoding=\"async\" src=\"https:\/\/www.europesays.com\/fr\/wp-content\/uploads\/2025\/06\/1747835308004-e1748875688418.jpeg\" data-eio-rwidth=\"675\" data-eio-rheight=\"423\"\/><\/p>\n<p>L\u2019oeuvre de la place Bellecour<\/p>\n<p class=\"content\" style=\"font-size:1.2em;font-weight:700\">La Ville de Lyon lance un appel \u00e0 candidatures pour accueillir trois foodbikes les week-ends de juillet et ao\u00fbt 2025.<\/p>\n<p>La place Bellecour pourrait prendre des airs plus conviviaux cet \u00e9t\u00e9. La Ville de Lyon a lanc\u00e9 un appel \u00e0 candidatures en direction des professionnels de la restauration pour l&rsquo;installation de trois foodbikes au c\u0153ur de cet espace embl\u00e9matique, les samedis et dimanches des mois de juillet et ao\u00fbt 2025. L&rsquo;objectif : animer le site en compl\u00e9ment de l&rsquo;\u0153uvre Tissages urbains, d\u00e9j\u00e0 install\u00e9e depuis le printemps.<\/p>\n<p>Une offre sucr\u00e9e, \u00e9coresponsable et locale<\/p>\n<p>Les futurs stands devront proposer une offre exclusivement sucr\u00e9e, orient\u00e9e vers les glaces artisanales, cr\u00eapes, gaufres et boissons sans alcool, en vente \u00e0 emporter. La municipalit\u00e9 attend des candidats une d\u00e9marche \u00ab \u00e9coresponsable \u00bb, valorisant les circuits courts, le respect de la saisonnalit\u00e9 et des pratiques durables : limitation des emballages, contenants recyclables ou consign\u00e9s, tri des d\u00e9chets obligatoire.<\/p>\n<p><strong>Lire aussi : <a href=\"https:\/\/www.lyoncapitale.fr\/actualite\/les-fetes-consulaires-reviennent-a-lyon-les-14-et-15-juin-sur-la-place-bellecour\" target=\"_blank\" rel=\"noreferrer noopener\">Les F\u00eates Consulaires reviennent \u00e0 Lyon les 14 et 15 juin sur la place Bellecour\u00a0<\/a><\/strong><\/p>\n<p>Les foodbikes s\u00e9lectionn\u00e9s auront acc\u00e8s aux emplacements chaque week-end entre le 5 juillet et le 31 ao\u00fbt 2025, de 11 h \u00e0 21 h. \u00c0 noter que les installations devront \u00eatre autonomes : aucun raccordement \u00e0 l\u2019eau ou \u00e0 l\u2019\u00e9lectricit\u00e9 ne sera fourni, et aucun am\u00e9nagement du site ne sera permis.<\/p>\n<p>Un projet pour redynamiser l\u2019espace public<\/p>\n<p>Avec cette initiative, la Ville entend dynamiser l\u2019espace public sur l\u2019un des sites les plus fr\u00e9quent\u00e9s du centre-ville, tout en accompagnant les usages estivaux de cette grande place. Les professionnels int\u00e9ress\u00e9s devront soumettre un dossier complet pr\u00e9cisant leur projet, leur parcours et le type d\u2019offre propos\u00e9e. Tous les d\u00e9tails de l\u2019appel sont accessibles sur <a href=\"https:\/\/www.lyon.fr\/actualite\/commerce-et-economie\/appel-candidature-foodbike-place-bellecour\" target=\"_blank\" rel=\"noreferrer noopener nofollow\">le site officiel de la Ville<\/a>.<\/p>\n<p><strong>Lire aussi : <a href=\"https:\/\/www.lyoncapitale.fr\/politique\/lyon-les-voiles-de-la-place-bellecour-a-lepreuve-du-feu\" target=\"_blank\" rel=\"noreferrer noopener\">Lyon : les voiles de la place Bellecour \u00e0 l\u2019\u00e9preuve du feu<\/a><\/strong><\/p>\n","protected":false},"excerpt":{"rendered":"L\u2019oeuvre de la place Bellecour La Ville de Lyon lance un appel \u00e0 candidatures pour accueillir trois foodbikes&hellip;\n","protected":false},"author":2,"featured_media":161052,"comment_status":"","ping_status":"","sticky":false,"template":"","format":"standard","meta":{"footnotes":""},"categories":[1889],"tags":[1111,11,2430,5272,1777,674,1011,27,2428,12,25],"class_list":{"0":"post-161051","1":"post","2":"type-post","3":"status-publish","4":"format-standard","5":"has-post-thumbnail","7":"category-lyon","8":"tag-actu","9":"tag-actualites","10":"tag-auvergne-rhone-alpes","11":"tag-bellecour","12":"tag-eu","13":"tag-europe","14":"tag-fr","15":"tag-france","16":"tag-lyon","17":"tag-news","18":"tag-republique-francaise"},"share_on_mastodon":{"url":"https:\/\/pubeurope.com\/@fr\/114648157011724723","error":""},"_links":{"self":[{"href":"https:\/\/www.europesays.com\/fr\/wp-json\/wp\/v2\/posts\/161051","targetHints":{"allow":["GET"]}}],"collection":[{"href":"https:\/\/www.europesays.com\/fr\/wp-json\/wp\/v2\/posts"}],"about":[{"href":"https:\/\/www.europesays.com\/fr\/wp-json\/wp\/v2\/types\/post"}],"author":[{"embeddable":true,"href":"https:\/\/www.europesays.com\/fr\/wp-json\/wp\/v2\/users\/2"}],"replies":[{"embeddable":true,"href":"https:\/\/www.europesays.com\/fr\/wp-json\/wp\/v2\/comments?post=161051"}],"version-history":[{"count":0,"href":"https:\/\/www.europesays.com\/fr\/wp-json\/wp\/v2\/posts\/161051\/revisions"}],"wp:featuredmedia":[{"embeddable":true,"href":"https:\/\/www.europesays.com\/fr\/wp-json\/wp\/v2\/media\/161052"}],"wp:attachment":[{"href":"https:\/\/www.europesays.com\/fr\/wp-json\/wp\/v2\/media?parent=161051"}],"wp:term":[{"taxonomy":"category","embeddable":true,"href":"https:\/\/www.europesays.com\/fr\/wp-json\/wp\/v2\/categories?post=161051"},{"taxonomy":"post_tag","embeddable":true,"href":"https:\/\/www.europesays.com\/fr\/wp-json\/wp\/v2\/tags?post=161051"}],"curies":[{"name":"wp","href":"https:\/\/api.w.org\/{rel}","templated":true}]}}