{"id":16106,"date":"2025-04-10T23:46:16","date_gmt":"2025-04-10T23:46:16","guid":{"rendered":"https:\/\/www.europesays.com\/fr\/16106\/"},"modified":"2025-04-10T23:46:16","modified_gmt":"2025-04-10T23:46:16","slug":"une-ligne-de-metro-totalement-coupee-apres-une-perturbation-majeure","status":"publish","type":"post","link":"https:\/\/www.europesays.com\/fr\/16106\/","title":{"rendered":"une ligne de m\u00e9tro totalement coup\u00e9e, apr\u00e8s une \u00ab\u00a0perturbation majeure\u00a0\u00bb"},"content":{"rendered":"<p>            Par<br \/>\n        <strong><br \/>\n            <a href=\"https:\/\/actu.fr\/auteur\/julien-damboise\" title=\"Consulter tous les articles de Julien Damboise\" rel=\"nofollow noopener\" target=\"_blank\">Julien Damboise<\/a><br \/>\n        <\/strong><\/p>\n<p>        Publi\u00e9 le<\/p>\n<p>            9 avr. 2025 \u00e0 12h16<br \/>\n        ; mis \u00e0 jour le 9 avr. 2025 \u00e0 16h01    <\/p>\n<p><strong>MISE \u00c0 JOUR<\/strong>. Ce mercredi 9 avril \u00e0 <strong>15h59<\/strong>. La reprise du trafic est retard\u00e9e apr\u00e8s un grave incident \u00e0 la station Gratte-ciel, \u00e0 Villeurbanne. <a href=\"https:\/\/actu.fr\/auvergne-rhone-alpes\/villeurbanne_69266\/tcl-a-lyon-une-ligne-stoppee-les-passagers-evacues-d-urgence-apres-un-grave-incident_62487834.html\" rel=\"nofollow noopener\" target=\"_blank\">Toutes nos informations dans un article d\u00e9di\u00e9.<\/a> Ce mercredi 9 avril \u00e0 <strong>15h21.<\/strong> La circulation de la ligne A est de nouveau interrompue depuis 14h58 entre Charpennes et Vaulx-en-Velin, indique TCL, apr\u00e8s un \u00ab\u00a0accident voyageur\u00a0\u00bb. Plus d\u2019informations \u00e0 suivre. Ce mercredi 9 avril \u00e0 <strong>13h30.<\/strong> TCL a annonc\u00e9 un retour \u00e0 la normale sur la ligne.<\/p>\n<p class=\" wall-content\">Une <strong>panne de m\u00e9tro<\/strong> est en cours ce mercredi 9 avril 2025, sur le r\u00e9seau <a href=\"https:\/\/actu.fr\/tag\/transports-en-commun-lyonnais-tcl\" rel=\"nofollow noopener\" target=\"_blank\">TCL<\/a> de la m\u00e9tropole de <a href=\"https:\/\/actu.fr\/auvergne-rhone-alpes\/lyon_69123\" rel=\"nofollow noopener\" target=\"_blank\">Lyon<\/a>.<\/p>\n<p class=\" wall-content\">La <strong>ligne A est totalement coup\u00e9e<\/strong>, des bus relais sont mis en place. Une \u00ab\u00a0perturbation majeure\u00a0\u00bb est en cours.<\/p>\n<p>Panne du m\u00e9tro A<\/p>\n<p class=\" wall-content\">Depuis environ 11 h 30 du matin,<strong> la ligne A ne circule plus<\/strong> sur l\u2019ensemble de son parcours.<\/p>\n<p class=\" wall-content\">\u00ab\u00a0Une <strong>panne de signalisation<\/strong> emp\u00eache la ligne de circuler normalement\u00a0\u00bb, note TCL sur son site internet.<\/p>\n<p class=\" wall-content\">Des bus relais desservent actuellement les stations de Charpennes \u00e0 <a href=\"https:\/\/actu.fr\/auvergne-rhone-alpes\/vaulx-en-velin_69256\/tcl-a-lyon-une-femme-en-panique-donne-l-alerte-un-homme-arme-arrete-dans-le-metro_62155567.html\" rel=\"nofollow noopener\" target=\"_blank\">Vaulx-en-Velin La Soie<\/a>. La reprise de la circulation est estim\u00e9e, pour le moment, \u00e0 13 h.<\/p>\n<p class=\" wall-content\">Suivez toute l\u2019actualit\u00e9 de vos villes et m\u00e9dias favoris en vous inscrivant \u00e0 <a href=\"https:\/\/moncompte.actu.fr\" title=\"D\u00e9couvez Mon Actu\" rel=\"nofollow noopener\" data-trk=\"{&quot;cta&quot;:{&quot;action&quot;:&quot;https:\\\/\\\/moncompte.actu.fr&quot;,&quot;category&quot;:&quot;mon compte&quot;,&quot;from&quot;:&quot;article footer&quot;,&quot;name&quot;:&quot;Mon actu&quot;,&quot;type&quot;:&quot;cta&quot;}}\" target=\"_blank\">Mon Actu<\/a>.<\/p>\n<ul class=\"ac-article-tag wall-content\">\n<li><a href=\"https:\/\/actu.fr\/tag\/transport\" data-trk=\"{&quot;cta&quot;:{&quot;action&quot;:&quot;Transport&quot;,&quot;category&quot;:&quot;tag&quot;,&quot;from&quot;:&quot;article footer&quot;,&quot;name&quot;:&quot;Transport&quot;,&quot;type&quot;:&quot;cta&quot;}}\" rel=\"nofollow noopener\" target=\"_blank\">#Transport<\/a><\/li>\n<li><a href=\"https:\/\/actu.fr\/tag\/transports-en-commun-lyonnais-tcl\" data-trk=\"{&quot;cta&quot;:{&quot;action&quot;:&quot;Transports en commun lyonnais (TCL)&quot;,&quot;category&quot;:&quot;tag&quot;,&quot;from&quot;:&quot;article footer&quot;,&quot;name&quot;:&quot;Transports en commun lyonnais (TCL)&quot;,&quot;type&quot;:&quot;cta&quot;}}\" rel=\"nofollow noopener\" target=\"_blank\">#Transports en commun lyonnais (TCL)<\/a><\/li>\n<\/ul>\n","protected":false},"excerpt":{"rendered":"Par Julien Damboise Publi\u00e9 le 9 avr. 2025 \u00e0 12h16 ; mis \u00e0 jour le 9 avr. 2025&hellip;\n","protected":false},"author":2,"featured_media":16107,"comment_status":"","ping_status":"","sticky":false,"template":"","format":"standard","meta":{"footnotes":""},"categories":[1889],"tags":[1111,11,2430,1777,674,1011,27,2428,12,25,104,2803,5787],"class_list":{"0":"post-16106","1":"post","2":"type-post","3":"status-publish","4":"format-standard","5":"has-post-thumbnail","7":"category-lyon","8":"tag-actu","9":"tag-actualites","10":"tag-auvergne-rhone-alpes","11":"tag-eu","12":"tag-europe","13":"tag-fr","14":"tag-france","15":"tag-lyon","16":"tag-news","17":"tag-republique-francaise","18":"tag-societe","19":"tag-transport","20":"tag-transports-en-commun-lyonnais-tcl"},"share_on_mastodon":{"url":"https:\/\/pubeurope.com\/@fr\/114316337755746155","error":""},"_links":{"self":[{"href":"https:\/\/www.europesays.com\/fr\/wp-json\/wp\/v2\/posts\/16106","targetHints":{"allow":["GET"]}}],"collection":[{"href":"https:\/\/www.europesays.com\/fr\/wp-json\/wp\/v2\/posts"}],"about":[{"href":"https:\/\/www.europesays.com\/fr\/wp-json\/wp\/v2\/types\/post"}],"author":[{"embeddable":true,"href":"https:\/\/www.europesays.com\/fr\/wp-json\/wp\/v2\/users\/2"}],"replies":[{"embeddable":true,"href":"https:\/\/www.europesays.com\/fr\/wp-json\/wp\/v2\/comments?post=16106"}],"version-history":[{"count":0,"href":"https:\/\/www.europesays.com\/fr\/wp-json\/wp\/v2\/posts\/16106\/revisions"}],"wp:featuredmedia":[{"embeddable":true,"href":"https:\/\/www.europesays.com\/fr\/wp-json\/wp\/v2\/media\/16107"}],"wp:attachment":[{"href":"https:\/\/www.europesays.com\/fr\/wp-json\/wp\/v2\/media?parent=16106"}],"wp:term":[{"taxonomy":"category","embeddable":true,"href":"https:\/\/www.europesays.com\/fr\/wp-json\/wp\/v2\/categories?post=16106"},{"taxonomy":"post_tag","embeddable":true,"href":"https:\/\/www.europesays.com\/fr\/wp-json\/wp\/v2\/tags?post=16106"}],"curies":[{"name":"wp","href":"https:\/\/api.w.org\/{rel}","templated":true}]}}