{"id":161060,"date":"2025-06-08T14:17:12","date_gmt":"2025-06-08T14:17:12","guid":{"rendered":"https:\/\/www.europesays.com\/fr\/161060\/"},"modified":"2025-06-08T14:17:12","modified_gmt":"2025-06-08T14:17:12","slug":"etre-porteurs-de-joie-et-desperance-au-stade-de-creteil-une-fete-catholique-xxl-pour-la-pentecote","status":"publish","type":"post","link":"https:\/\/www.europesays.com\/fr\/161060\/","title":{"rendered":"\u00ab\u00a0\u00catre porteurs de joie et d\u2019esp\u00e9rance\u00a0\u00bb\u00a0: au stade de Cr\u00e9teil, une f\u00eate catholique XXL pour la Pentec\u00f4te"},"content":{"rendered":"<p class=\"paragraph text_align_left\">La ferveur populaire dans un stade, on conna\u00eet. La ferveur religieuse, un peu moins. C\u2019est ce que devraient vivre les quelque 8 000 participants attendus au parc des sports Duvauchelle \u00e0 Cr\u00e9teil (Val-de-Marne) ce <a href=\"https:\/\/www.leparisien.fr\/societe\/lundi-de-pentecote-que-celebre-t-on-lors-de-ce-jour-ferie-pas-comme-les-autres-26-05-2023-P2GVZJ37TNG3XPGPQJ4CGIFFCU.php\" target=\"_self\" rel=\"noopener\">lundi 9 juin, jour de la Pentec\u00f4te<\/a>.<\/p>\n<p class=\"paragraph text_align_left\">Le dioc\u00e8se de Cr\u00e9teil y organise un rassemblement XXL, non pas \u00e0 l\u2019occasion de la f\u00eate chr\u00e9tienne qui c\u00e9l\u00e8bre la venue de l\u2019Esprit Saint sur les ap\u00f4tres mais en raison de <a href=\"https:\/\/www.leparisien.fr\/societe\/religions\/quest-ce-que-lannee-sainte-ou-jubile-2025-lancee-par-le-pape-lors-du-reveillon-de-noel-25-12-2024-U7HNNWAU5NGTLMOQCORGWRXFIY.php\" target=\"_self\" rel=\"noopener\">l\u2019ann\u00e9e jubilaire 2025<\/a>. Cette p\u00e9riode sp\u00e9ciale est c\u00e9l\u00e9br\u00e9e tous les vingt-cinq ans par l\u2019\u00c9glise catholique et permet aux fid\u00e8les \u00ab renouveau spirituel, conversion et r\u00e9conciliation \u00bb, explique le dioc\u00e8se. Le th\u00e8me cette ann\u00e9e : p\u00e8lerins d\u2019esp\u00e9rance. \u00ab Dans un monde divis\u00e9, l\u2019\u00c9glise veut \u00eatre porteuse d\u2019esp\u00e9rance et de paix et permettre la rencontre entre tous. \u00bb<\/p>\n","protected":false},"excerpt":{"rendered":"La ferveur populaire dans un stade, on conna\u00eet. La ferveur religieuse, un peu moins. C\u2019est ce que devraient&hellip;\n","protected":false},"author":2,"featured_media":161061,"comment_status":"","ping_status":"","sticky":false,"template":"","format":"standard","meta":{"footnotes":""},"categories":[1888],"tags":[11,1777,674,1011,27,1944,12,626,25,104,1125],"class_list":{"0":"post-161060","1":"post","2":"type-post","3":"status-publish","4":"format-standard","5":"has-post-thumbnail","7":"category-paris","8":"tag-actualites","9":"tag-eu","10":"tag-europe","11":"tag-fr","12":"tag-france","13":"tag-ma-ville","14":"tag-news","15":"tag-paris","16":"tag-republique-francaise","17":"tag-societe","18":"tag-val-de-marne"},"share_on_mastodon":{"url":"https:\/\/pubeurope.com\/@fr\/114648176682176804","error":""},"_links":{"self":[{"href":"https:\/\/www.europesays.com\/fr\/wp-json\/wp\/v2\/posts\/161060","targetHints":{"allow":["GET"]}}],"collection":[{"href":"https:\/\/www.europesays.com\/fr\/wp-json\/wp\/v2\/posts"}],"about":[{"href":"https:\/\/www.europesays.com\/fr\/wp-json\/wp\/v2\/types\/post"}],"author":[{"embeddable":true,"href":"https:\/\/www.europesays.com\/fr\/wp-json\/wp\/v2\/users\/2"}],"replies":[{"embeddable":true,"href":"https:\/\/www.europesays.com\/fr\/wp-json\/wp\/v2\/comments?post=161060"}],"version-history":[{"count":0,"href":"https:\/\/www.europesays.com\/fr\/wp-json\/wp\/v2\/posts\/161060\/revisions"}],"wp:featuredmedia":[{"embeddable":true,"href":"https:\/\/www.europesays.com\/fr\/wp-json\/wp\/v2\/media\/161061"}],"wp:attachment":[{"href":"https:\/\/www.europesays.com\/fr\/wp-json\/wp\/v2\/media?parent=161060"}],"wp:term":[{"taxonomy":"category","embeddable":true,"href":"https:\/\/www.europesays.com\/fr\/wp-json\/wp\/v2\/categories?post=161060"},{"taxonomy":"post_tag","embeddable":true,"href":"https:\/\/www.europesays.com\/fr\/wp-json\/wp\/v2\/tags?post=161060"}],"curies":[{"name":"wp","href":"https:\/\/api.w.org\/{rel}","templated":true}]}}