{"id":161062,"date":"2025-06-08T14:18:09","date_gmt":"2025-06-08T14:18:09","guid":{"rendered":"https:\/\/www.europesays.com\/fr\/161062\/"},"modified":"2025-06-08T14:18:09","modified_gmt":"2025-06-08T14:18:09","slug":"la-fan-zone-de-la-concorde-fait-le-plein-pour-sa-premiere-annee","status":"publish","type":"post","link":"https:\/\/www.europesays.com\/fr\/161062\/","title":{"rendered":"la fan zone de la Concorde fait le plein pour sa premi\u00e8re ann\u00e9e"},"content":{"rendered":"<p>            Par<br \/>\n        <strong><br \/>\n            <a href=\"https:\/\/actu.fr\/auteur\/redaction-paris\" title=\"Consulter tous les articles de R\u00e9daction Paris\" target=\"_blank\" rel=\"noopener\">R\u00e9daction Paris<\/a><br \/>\n        <\/strong><\/p>\n<p>        Publi\u00e9 le<\/p>\n<p>            8 juin 2025 \u00e0 15h41        <\/p>\n<p>Transats, tribune, \u00e9crans g\u00e9ants, DJ set\u2026 Nous ne sommes pas \u00e0 <a href=\"https:\/\/actu.fr\/tag\/roland-garros\" target=\"_blank\" rel=\"noopener\">Roland-Garros<\/a>, mais sur la <a href=\"https:\/\/actu.fr\/ile-de-france\/paris_75056\/comment-paris-va-transformer-la-place-de-la-concorde-pour-donner-aux-gens-l-envie-d-y-lezarder_62430016.html\" target=\"_blank\" rel=\"noopener\">place de la Concorde<\/a>. Jusqu\u2019\u00e0 ce lundi 9\u00a0juin 2025, les amateurs de tennis peuvent se rendre \u00e0 la premi\u00e8re fan-zone <a href=\"https:\/\/actu.fr\/paris\/\" target=\"_blank\" rel=\"noopener\">parisienne<\/a> du Grand Chelem. En attendant le terme de cette premi\u00e8re \u00e9dition, la directrice du tournoi <strong>Am\u00e9lie Mauresmo<\/strong> a r\u00e9v\u00e9l\u00e9 les chiffres de la <strong>fr\u00e9quentation<\/strong> ce dimanche 8\u00a0juin, avant le d\u00e9but de la finale du tableau hommes entre l\u2019Italien Jannik Sinner et l\u2019Espagnol Carlos Alcaraz.<\/p>\n<p>Carlos Alcaraz ou Jannik Sinner pr\u00e9sent ce lundi<\/p>\n<p class=\" wall-content\">Cit\u00e9e par l\u2019Agence France-Presse (AFP), la double laur\u00e9ate de Majeur a indiqu\u00e9 que \u00ab<strong>\u2009plus de 25\u2009000\u00a0spectateurs<\/strong>\u2009\u00bb se sont rendus dans la petite enceinte dot\u00e9e de deux \u00e9crans g\u00e9ants et 5\u2009000 places assises. \u00ab\u2009On imagine qu\u2019on va finir \u00e0 <strong>plus de 30\u2009000<\/strong>\u2009\u00bb personnes sur les six jours d\u2019ouverture de cette \u00ab\u2009tribune Concorde\u2009\u00bb, a ajout\u00e9 la patronne de Roland-Garros.<\/p>\n<p class=\" wall-content\">La fan-zone a \u00e9t\u00e9 inaugur\u00e9e mercredi 4\u00a0juin 2025 par le n\u00e9o-retrait\u00e9 <strong>Richard Gasquet<\/strong>. Depuis, plusieurs joueurs ont fait le d\u00e9placement, \u00e0 l\u2019instar des Italiens Andrea Vavassori et Sara Errani, vainqueurs du tableau de double mixte. Ce dimanche, l\u2019Am\u00e9ricaine <strong>Coco Gauff<\/strong>, pour la premi\u00e8re fois titr\u00e9e \u00e0 la porte d\u2019Auteuil, devait pr\u00e9senter le troph\u00e9e Suzanne Lenglen \u00e0 l\u2019aube du choc entre le num\u00e9ro\u00a01 et le num\u00e9ro\u00a02 mondial.<\/p>\n<p class=\" wall-content\">Le vainqueur de cette finale est quant \u00e0 lui attendu lundi matin sur la place de la Concorde, \u00e0 un horaire qui reste \u00e0 pr\u00e9ciser. Am\u00e9lie Mauresmo a par ailleurs indiqu\u00e9 que <a href=\"https:\/\/actu.fr\/ile-de-france\/paris_75056\/zones-de-silence-equipes-dediees-comment-roland-garros-accueille-les-personnes-en-situation-de-handicap_62686258.html\" target=\"_blank\" rel=\"noopener\">le stade Roland-Garros<\/a> aurait accueilli au total <strong>685\u2009000\u00a0spectateurs<\/strong> en 2025, semaine de qualifications et dernier dimanche inclus. En 2024, le tournoi avait attir\u00e9 sur site 675\u2009000\u00a0spectateurs au long des trois semaines, selon les chiffres officiels.<\/p>\n<p class=\" wall-content\"><strong>Avec AFP<\/strong><\/p>\n<p class=\" wall-content\">Suivez toute l\u2019actualit\u00e9 de vos villes et m\u00e9dias favoris en vous inscrivant \u00e0 <a href=\"https:\/\/moncompte.actu.fr\" title=\"D\u00e9couvez Mon Actu\" rel=\"nofollow noopener\" data-trk=\"{&quot;cta&quot;:{&quot;action&quot;:&quot;https:\\\/\\\/moncompte.actu.fr&quot;,&quot;category&quot;:&quot;mon compte&quot;,&quot;from&quot;:&quot;article footer&quot;,&quot;name&quot;:&quot;Mon actu&quot;,&quot;type&quot;:&quot;cta&quot;}}\" target=\"_blank\">Mon Actu<\/a>.<\/p>\n","protected":false},"excerpt":{"rendered":"Par R\u00e9daction Paris Publi\u00e9 le 8 juin 2025 \u00e0 15h41 Transats, tribune, \u00e9crans g\u00e9ants, DJ set\u2026 Nous ne&hellip;\n","protected":false},"author":2,"featured_media":161063,"comment_status":"","ping_status":"","sticky":false,"template":"","format":"standard","meta":{"footnotes":""},"categories":[1888],"tags":[11,11273,1777,674,1011,27,12,626,25,4171,60,1467],"class_list":{"0":"post-161062","1":"post","2":"type-post","3":"status-publish","4":"format-standard","5":"has-post-thumbnail","7":"category-paris","8":"tag-actualites","9":"tag-concorde","10":"tag-eu","11":"tag-europe","12":"tag-fr","13":"tag-france","14":"tag-news","15":"tag-paris","16":"tag-republique-francaise","17":"tag-roland-garros","18":"tag-sports","19":"tag-tennis"},"share_on_mastodon":{"url":"https:\/\/pubeurope.com\/@fr\/114648180593041832","error":""},"_links":{"self":[{"href":"https:\/\/www.europesays.com\/fr\/wp-json\/wp\/v2\/posts\/161062","targetHints":{"allow":["GET"]}}],"collection":[{"href":"https:\/\/www.europesays.com\/fr\/wp-json\/wp\/v2\/posts"}],"about":[{"href":"https:\/\/www.europesays.com\/fr\/wp-json\/wp\/v2\/types\/post"}],"author":[{"embeddable":true,"href":"https:\/\/www.europesays.com\/fr\/wp-json\/wp\/v2\/users\/2"}],"replies":[{"embeddable":true,"href":"https:\/\/www.europesays.com\/fr\/wp-json\/wp\/v2\/comments?post=161062"}],"version-history":[{"count":0,"href":"https:\/\/www.europesays.com\/fr\/wp-json\/wp\/v2\/posts\/161062\/revisions"}],"wp:featuredmedia":[{"embeddable":true,"href":"https:\/\/www.europesays.com\/fr\/wp-json\/wp\/v2\/media\/161063"}],"wp:attachment":[{"href":"https:\/\/www.europesays.com\/fr\/wp-json\/wp\/v2\/media?parent=161062"}],"wp:term":[{"taxonomy":"category","embeddable":true,"href":"https:\/\/www.europesays.com\/fr\/wp-json\/wp\/v2\/categories?post=161062"},{"taxonomy":"post_tag","embeddable":true,"href":"https:\/\/www.europesays.com\/fr\/wp-json\/wp\/v2\/tags?post=161062"}],"curies":[{"name":"wp","href":"https:\/\/api.w.org\/{rel}","templated":true}]}}