{"id":161074,"date":"2025-06-08T14:24:08","date_gmt":"2025-06-08T14:24:08","guid":{"rendered":"https:\/\/www.europesays.com\/fr\/161074\/"},"modified":"2025-06-08T14:24:08","modified_gmt":"2025-06-08T14:24:08","slug":"travaillons-ensemble-en-responsabilite-par-valerie-hayer-presidente-du-groupe-renew-europe","status":"publish","type":"post","link":"https:\/\/www.europesays.com\/fr\/161074\/","title":{"rendered":"travaillons ensemble, en responsabilit\u00e9 \u00bb, par Val\u00e9rie Hayer, pr\u00e9sidente du groupe Renew Europe"},"content":{"rendered":"<p>2021. Bureau ex\u00e9cutif du parti de La R\u00e9publique en marche. Nous discutons du serpent de mer de la proportionnelle et de notre mani\u00e8re de gouverner en France. Je plaide pour changer d&rsquo;esprit et valoriser la culture de coalition : travailler ensemble, tendre la main \u00e0 des partis avec lesquels nous ne partageons pas tout mais avec lesquels nous nous retrouvons sur l&rsquo;essentiel, au service des Fran\u00e7ais. Un \u00e9lu me r\u00e9pond que c&rsquo;est une belle id\u00e9e mais que \u00e7a n&rsquo;est pas cela, la V\u00e8me.<\/p>\n<p>Et pourtant&#8230; Nous y sommes. Quatre ans apr\u00e8s, une pr\u00e9sidentielle et une <a href=\"https:\/\/www.latribune.fr\/economie\/politique\/apres-l-annonce-de-la-dissolution-de-l-assemblee-nationale-le-risque-plane-d-une-cohabitation-quels-precedents-en-france-999560.html\" target=\"_blank\" rel=\"noopener\">dissolution<\/a> sont pass\u00e9es par l\u00e0. La dissolution prononc\u00e9e le 9 juin dernier par le pr\u00e9sident de la R\u00e9publique a \u00e9t\u00e9 un choc pour le pays. Incomprise par les Fran\u00e7ais, elle n&rsquo;a pas donn\u00e9 les r\u00e9sultats escompt\u00e9s. Est-ce \u00e0 dire qu&rsquo;aucun enseignement n&rsquo;est \u00e0 en tirer ? Non.<\/p>\n<p>D\u00e9cliner une main tendue<\/p>\n<p>Premier enseignement : s&rsquo;ils sont de plus en plus nombreux \u00e0 se laisser s\u00e9duire par les discours de l&rsquo;extr\u00eame-droite, les Fran\u00e7ais ne veulent pas la porter au pouvoir. Le front r\u00e9publicain s&rsquo;est op\u00e9r\u00e9 naturellement. En responsabilit\u00e9.<\/p>\n<p>Deuxi\u00e8me enseignement : en ne donnant la majorit\u00e9 \u00e0 aucune formation politique, les Fran\u00e7ais demandent aux forces r\u00e9publicaines et d\u00e9mocratiques de travailler ensemble. En responsabilit\u00e9. Ce qu&rsquo;a d&rsquo;ailleurs imm\u00e9diatement propos\u00e9 le bloc central au lendemain des <a href=\"https:\/\/www.latribune.fr\/economie\/france\/legislatives-2024\/legislatives-l-economie-francaise-retient-son-souffle-1001553.html\" target=\"_blank\" rel=\"noopener\">l\u00e9gislatives<\/a>.<\/p>\n<p>2024 a ainsi r\u00e9v\u00e9l\u00e9 la maturit\u00e9 politique des Fran\u00e7ais et l&rsquo;immaturit\u00e9 de trop nombreux politiques.<\/p>\n<p>Troisi\u00e8me enseignement : une fois \u00e0 l&rsquo;Assembl\u00e9e, les partis et les parlementaires refusent de tenir compte de la nouvelle r\u00e9alit\u00e9 politique. Ils refusent d&rsquo;essayer de travailler ensemble, chacun trouvant le meilleur argument pour d\u00e9cliner une main tendue. Obnubil\u00e9s par 2027, enferr\u00e9s dans des postures, ils offrent en spectacle leur irresponsabilit\u00e9. 2024 a ainsi r\u00e9v\u00e9l\u00e9 la maturit\u00e9 politique des Fran\u00e7ais et l&rsquo;immaturit\u00e9 de trop nombreux politiques.<\/p>\n<p>Sens des responsabilit\u00e9s<\/p>\n<p>Mais pourquoi le personnel politique fran\u00e7ais serait-il incapable de faire ce que pratiquent presque toutes les d\u00e9mocraties d&rsquo;Europe\u00a0? Dans la majorit\u00e9 des pays d&rsquo;Europe, les partis concourent aux \u00e9lections, s&rsquo;affrontent, avant se mettre autour de la table pour n\u00e9gocier leurs priorit\u00e9s. Ils signent un contrat de coalition ou forment des majorit\u00e9s de projets, au service du pays.<\/p>\n<p>Au Parlement europ\u00e9en, nous, centristes, travaillons tous les jours avec la droite, les socialistes et les Verts europ\u00e9ens. Sommes-nous d&rsquo;accord sur tout ? Non.\u00a0Est-ce que les portes claquent\u00a0? Oui, parfois. Mais nous n\u00e9gocions et nous savons nous retrouver sur l&rsquo;essentiel\u00a0: un agenda pro-europ\u00e9en au service de la comp\u00e9titivit\u00e9, des emplois, de la protection du climat, de la protection de nos d\u00e9mocraties ou encore du soutien \u00e0 l&rsquo;Ukraine.<\/p>\n<p>La configuration politique nationale exige, plus que jamais, un sens des responsabilit\u00e9s et du courage. La responsabilit\u00e9 de cr\u00e9er les conditions de la r\u00e9industrialisation et du r\u00e9armement du pays, celle de r\u00e9soudre l&rsquo;\u00e9quation budg\u00e9taire et sociale. Le courage de sortir des jeux d&rsquo;appareil si \u00e9cul\u00e9s. L&rsquo;humilit\u00e9 de reconna\u00eetre qu&rsquo;aucun parti ne peut, seul, apporter une solution \u00e0 tous nos probl\u00e8mes.<\/p>\n<p>Sortir des jeux d&rsquo;appareil<\/p>\n<p>Un an apr\u00e8s la dissolution, \u00e0 la veille de discussions budg\u00e9taires \u00e0 haut risque, je le dis \u00e0 mes coll\u00e8gues parlementaires nationaux membres de l&rsquo;arc r\u00e9publicain : parlez-vous, bon sang ! Soyez responsables ! Dans l&rsquo;int\u00e9r\u00eat du pays et m\u00eame dans le v\u00f4tre.<\/p>\n<p>Si l&rsquo;on ne changera pas l&rsquo;Assembl\u00e9e nationale en l&rsquo;\u00e9tat, changeons notre fa\u00e7on de fonctionner. Ne croyez-vous pas que les Fran\u00e7ais sauront r\u00e9compenser ceux qui accepteront enfin de sortir des jeux d&rsquo;appareil\u00a0et qui auront contribu\u00e9 \u00e0 la stabilit\u00e9 du pays ?\u00a0Personnellement, je le crois. C&rsquo;est le moment du sursaut.\u00a0Saisissons-le pour changer enfin notre culture politique et faire murir la d\u00e9mocratie fran\u00e7aise. Au service des Fran\u00e7ais et de notre avenir.<\/p>\n<p class=\"rev-margin-0 rev-text-xs-bold !text-lt-neutral-30 mt-[32px]\">Val\u00e9rie Hayer, pr\u00e9sidente du groupe Renew Europe, secr\u00e9taire g\u00e9n\u00e9rale d\u00e9l\u00e9gu\u00e9e du parti Renaissance<\/p>\n","protected":false},"excerpt":{"rendered":"2021. Bureau ex\u00e9cutif du parti de La R\u00e9publique en marche. Nous discutons du serpent de mer de la&hellip;\n","protected":false},"author":2,"featured_media":161075,"comment_status":"","ping_status":"","sticky":false,"template":"","format":"standard","meta":{"footnotes":""},"categories":[1586],"tags":[17,11,150,25020,9487,1777,674,1011,27,3102,12,4536,5912,25,29286,29285],"class_list":{"0":"post-161074","1":"post","2":"type-post","3":"status-publish","4":"format-standard","5":"has-post-thumbnail","7":"category-europe","8":"tag-17","9":"tag-actualites","10":"tag-apres","11":"tag-dissolution","12":"tag-ensemble","13":"tag-eu","14":"tag-europe","15":"tag-fr","16":"tag-france","17":"tag-la-tribune-dimanche","18":"tag-news","19":"tag-opinion","20":"tag-par","21":"tag-republique-francaise","22":"tag-responsabilite","23":"tag-travaillons"},"share_on_mastodon":{"url":"https:\/\/pubeurope.com\/@fr\/114648204205380709","error":""},"_links":{"self":[{"href":"https:\/\/www.europesays.com\/fr\/wp-json\/wp\/v2\/posts\/161074","targetHints":{"allow":["GET"]}}],"collection":[{"href":"https:\/\/www.europesays.com\/fr\/wp-json\/wp\/v2\/posts"}],"about":[{"href":"https:\/\/www.europesays.com\/fr\/wp-json\/wp\/v2\/types\/post"}],"author":[{"embeddable":true,"href":"https:\/\/www.europesays.com\/fr\/wp-json\/wp\/v2\/users\/2"}],"replies":[{"embeddable":true,"href":"https:\/\/www.europesays.com\/fr\/wp-json\/wp\/v2\/comments?post=161074"}],"version-history":[{"count":0,"href":"https:\/\/www.europesays.com\/fr\/wp-json\/wp\/v2\/posts\/161074\/revisions"}],"wp:featuredmedia":[{"embeddable":true,"href":"https:\/\/www.europesays.com\/fr\/wp-json\/wp\/v2\/media\/161075"}],"wp:attachment":[{"href":"https:\/\/www.europesays.com\/fr\/wp-json\/wp\/v2\/media?parent=161074"}],"wp:term":[{"taxonomy":"category","embeddable":true,"href":"https:\/\/www.europesays.com\/fr\/wp-json\/wp\/v2\/categories?post=161074"},{"taxonomy":"post_tag","embeddable":true,"href":"https:\/\/www.europesays.com\/fr\/wp-json\/wp\/v2\/tags?post=161074"}],"curies":[{"name":"wp","href":"https:\/\/api.w.org\/{rel}","templated":true}]}}