{"id":161078,"date":"2025-06-08T14:26:09","date_gmt":"2025-06-08T14:26:09","guid":{"rendered":"https:\/\/www.europesays.com\/fr\/161078\/"},"modified":"2025-06-08T14:26:09","modified_gmt":"2025-06-08T14:26:09","slug":"un-an-apres-la-dissolution-lamertume-des-deputes-battus","status":"publish","type":"post","link":"https:\/\/www.europesays.com\/fr\/161078\/","title":{"rendered":"un an apr\u00e8s la dissolution, l\u2019amertume des d\u00e9put\u00e9s battus"},"content":{"rendered":"<p><strong>R\u00c9CIT &#8211; <\/strong>Dans tous les partis, les d\u00e9put\u00e9s sortants battus en juillet dernier ne se remettent toujours pas d\u2019une d\u00e9faite qu\u2019ils n\u2019avaient pas anticip\u00e9e.<\/p>\n<p class=\"fig-paragraph\">La lumi\u00e8re s\u2019est \u00e9teinte en une fraction de seconde. Vingt jours \u00e0 peine de campagne impr\u00e9vue, avant que le verdict ne tombe aussi vite. Le 7 juillet dernier, Pascal Lavergne comprend qu\u2019il ne conservera pas son fauteuil de d\u00e9put\u00e9 \u00e0 l\u2019issue du second tour\u00a0<a href=\"http:\/\/www.lefigaro.fr\/elections\/legislatives\/legislatives-2024-cette-victoire-de-la-gauche-que-les-sondages-n-ont-pas-vraiment-vu-venir-20240707\" target=\"_blank\" data-fig-type=\"Article\" rel=\"noopener\" data-gtm-custom-categorie=\"navigation\" data-gtm-custom-action=\"crossclick\" data-gtm-custom-label=\"Contextuel\" data-gtm-event=\"customEventSPE\" data-fig-domain=\"LEFIGARO\">des \u00e9lections l\u00e9gislatives anticip\u00e9es<\/a>. \u00ab\u00c0 ce moment-l\u00e0, on sent le plancher se d\u00e9rober sous nos pieds. Il y a une atmosph\u00e8re triste et pesante\u00bb, se souvient le macroniste.<\/p>\n<p class=\"fig-paragraph\">Un mois plus t\u00f4t, l\u2019\u00e9lu de Gironde planchait encore, presque insouciant, sur la proposition de loi qu\u2019il devait d\u00e9fendre sous peu dans l\u2019H\u00e9micycle. Jusqu\u2019au couperet pr\u00e9sidentiel de\u00a0<a href=\"http:\/\/www.lefigaro.fr\/elections\/legislatives\/legislatives-ces-vingt-jours-qui-ont-fait-exploser-le-paysage-politique-francais-20240628\" target=\"_blank\" data-fig-type=\"Article\" rel=\"noopener\" data-gtm-custom-categorie=\"navigation\" data-gtm-custom-action=\"crossclick\" data-gtm-custom-label=\"Contextuel\" data-gtm-event=\"customEventSPE\" data-fig-domain=\"LEFIGARO\">la dissolution de l\u2019Assembl\u00e9e nationale<\/a>, d\u00e9clench\u00e9 au soir de la lourde d\u00e9faite de la majorit\u00e9 aux \u00e9lections europ\u00e9ennes. Du jour au lendemain, les d\u00e9put\u00e9s se sont brutalement retrouv\u00e9s sur des si\u00e8ges \u00e9jectables. \u00abC\u2019\u00e9tait panique \u00e0 bord. On est partis en campagne la fleur au fusil en essayant de faire de notre mieux\u00bb, souffle Pascal Lavergne.<\/p>\n<p class=\"fig-body-link\">\n            \u00c0 lire aussi<br \/>\n        <a class=\"fig-body-link__link fig-premium-mark\" href=\"http:\/\/www.lefigaro.fr\/politique\/dans-les-etapes-du-deuil-il-est-en-phase-d-acceptation-macron-un-interminable-chemin-de-croix-depuis-la-dissolution-20250116\" target=\"_blank\" data-fig-type=\"Article\" rel=\"noopener\" data-gtm-custom-categorie=\"navigation\" data-gtm-custom-action=\"crossclick\" data-gtm-custom-label=\"Contextuel\" data-gtm-event=\"customEventSPE\" data-fig-domain=\"LEFIGARO\">\u00abDans les \u00e9tapes du deuil, il est en phase d\u2019acceptation\u00bb: Macron, un interminable chemin de croix depuis la dissolution<br \/>\n    <\/a>\n<\/p>\n<p class=\"fig-paragraph\">Comme lui, plus d\u2019un quart de ses coll\u00e8gues ont\u2026<\/p>\n<p class=\"fig-premium-paywall__infos\">\n        Cet article est r\u00e9serv\u00e9 aux abonn\u00e9s.        Il vous reste 87% \u00e0 d\u00e9couvrir.\n    <\/p>\n<p>                <img  data- alt=\"Le Figaro\" class=\"fig-img--complete fig-img\"\/><\/p>\n<p class=\"fig-premium-paywall__title\">Vente Flash<\/p>\n<p class=\"fig-premium-paywall__subtitle\">3,99\u20ac par mois pendant 12 mois. Sans engagement.<\/p>\n<p class=\"fig-premium-paywall__connect\">\n                D\u00e9j\u00e0 abonn\u00e9\u00a0?                <a class=\"fig-premium-paywall__connect-link\" href=\"https:\/\/connect.lefigaro.fr\/login?client=horizon_web&amp;type=main&amp;redirect_uri=https%3A%2F%2Fwww.lefigaro.fr%2Fpolitique%2Fj-en-veux-toujours-a-emmanuel-macron-un-an-apres-la-dissolution-l-amertume-des-deputes-battus-20250608\" data-js-gtm=\"{&quot;customCategorie&quot;: &quot;conversion&quot;, &quot;customAction&quot;: &quot;before_Landing_Connexion_paywall_auto&quot;, &quot;customLabel&quot;: &quot;bGVmaWdhcm8uZnJfXzFmMDNkMzI1LWM1MTgtNmZjMC1hNjgyLWQ5NWYyN2FlZThhNV9fQXJ0aWNsZQ==_\u00abJ\u2019en veux toujours \u00e0 Emmanuel Macron\u00bb\u00a0: un an apr\u00e8s la dissolution, l\u2019amertume des d\u00e9put\u00e9s battus_47&quot;, &quot;customIDSPE&quot;: &quot;bGVmaWdhcm8uZnJfXzFmMDNkMzI1LWM1MTgtNmZjMC1hNjgyLWQ5NWYyN2FlZThhNV9fQXJ0aWNsZQ==&quot;, &quot;event&quot;: &quot;customEventSPE&quot;}\" target=\"_blank\" rel=\"noopener\"><br \/>\n                    Connectez-vous<br \/>\n                <\/a>\n            <\/p>\n","protected":false},"excerpt":{"rendered":"R\u00c9CIT &#8211; Dans tous les partis, les d\u00e9put\u00e9s sortants battus en juillet dernier ne se remettent toujours pas&hellip;\n","protected":false},"author":2,"featured_media":161079,"comment_status":"","ping_status":"","sticky":false,"template":"","format":"standard","meta":{"footnotes":""},"categories":[2],"tags":[11,426,427,422,423,13281,1073,1011,27,418,424,425,420,421,12,419,316,429,25,428],"class_list":{"0":"post-161078","1":"post","2":"type-post","3":"status-publish","4":"format-standard","5":"has-post-thumbnail","7":"category-actualites","8":"tag-actualites","9":"tag-candidat","10":"tag-candidats","11":"tag-depute","12":"tag-deputes","13":"tag-dissolution-de-lassemblee-nationale","14":"tag-emmanuel-macron","15":"tag-fr","16":"tag-france","17":"tag-gouvernement","18":"tag-institution","19":"tag-institutions","20":"tag-loi","21":"tag-lois","22":"tag-news","23":"tag-opposition","24":"tag-politique","25":"tag-ps","26":"tag-republique-francaise","27":"tag-ump"},"share_on_mastodon":{"url":"https:\/\/pubeurope.com\/@fr\/114648211999932674","error":""},"_links":{"self":[{"href":"https:\/\/www.europesays.com\/fr\/wp-json\/wp\/v2\/posts\/161078","targetHints":{"allow":["GET"]}}],"collection":[{"href":"https:\/\/www.europesays.com\/fr\/wp-json\/wp\/v2\/posts"}],"about":[{"href":"https:\/\/www.europesays.com\/fr\/wp-json\/wp\/v2\/types\/post"}],"author":[{"embeddable":true,"href":"https:\/\/www.europesays.com\/fr\/wp-json\/wp\/v2\/users\/2"}],"replies":[{"embeddable":true,"href":"https:\/\/www.europesays.com\/fr\/wp-json\/wp\/v2\/comments?post=161078"}],"version-history":[{"count":0,"href":"https:\/\/www.europesays.com\/fr\/wp-json\/wp\/v2\/posts\/161078\/revisions"}],"wp:featuredmedia":[{"embeddable":true,"href":"https:\/\/www.europesays.com\/fr\/wp-json\/wp\/v2\/media\/161079"}],"wp:attachment":[{"href":"https:\/\/www.europesays.com\/fr\/wp-json\/wp\/v2\/media?parent=161078"}],"wp:term":[{"taxonomy":"category","embeddable":true,"href":"https:\/\/www.europesays.com\/fr\/wp-json\/wp\/v2\/categories?post=161078"},{"taxonomy":"post_tag","embeddable":true,"href":"https:\/\/www.europesays.com\/fr\/wp-json\/wp\/v2\/tags?post=161078"}],"curies":[{"name":"wp","href":"https:\/\/api.w.org\/{rel}","templated":true}]}}