{"id":161080,"date":"2025-06-08T14:27:10","date_gmt":"2025-06-08T14:27:10","guid":{"rendered":"https:\/\/www.europesays.com\/fr\/161080\/"},"modified":"2025-06-08T14:27:10","modified_gmt":"2025-06-08T14:27:10","slug":"certains-joueurs-ne-sont-pas-totalement-motives-cingle-le-president-du-stade-francais","status":"publish","type":"post","link":"https:\/\/www.europesays.com\/fr\/161080\/","title":{"rendered":"\u00abCertains joueurs ne sont pas totalement motiv\u00e9s\u00bb, cingle le pr\u00e9sident du Stade Fran\u00e7ais"},"content":{"rendered":"<p>Dans un entretien \u00e0 l\u2019AFP, Hans-Peter Wild d\u00e9nonce \u00abcertains joueurs qui vivent juste pour l\u2019argent\u00bb.<\/p>\n<p class=\"fig-paragraph\">Apr\u00e8s le maintien d\u00e9croch\u00e9 lors de la derni\u00e8re journ\u00e9e de la saison r\u00e9guli\u00e8re, gr\u00e2ce \u00e0 une victoire face \u00e0 Castres (21-10) samedi soir,\u00a0<a href=\"http:\/\/www.lefigaro.fr\/sports\/rugby\/top-14\/top-14-le-proprietaire-suisse-du-stade-francais-paris-reclame-un-partenaire-francais-20250608\" data-fig-type=\"NewsFlash\" data-gtm-custom-categorie=\"navigation\" data-gtm-custom-action=\"crossclick\" data-gtm-custom-label=\"Contextuel\" data-gtm-event=\"customEventSPE\" data-fig-domain=\"LEFIGARO\" rel=\"nofollow noopener\" target=\"_blank\">le pr\u00e9sident-propri\u00e9taire du Stade Fran\u00e7ais Paris<\/a>\u00a0a vertement critiqu\u00e9 une partie de son effectif.<\/p>\n<p class=\"fig-paragraph\">\u00abNous devons changer le recrutement, pr\u00e9vient Hans-Peter Wild. Certains joueurs ne correspondent pas. D\u2019autres vivent pour ce club, pas juste pour l\u2019argent. Vous avez vu comment Joe Marchant a jou\u00e9, ou\u00a0<a href=\"http:\/\/www.lefigaro.fr\/sports\/rugby\/top-14\/top-14-mon-avenir-est-a-paris-insiste-jeremy-ward-malgre-le-spectre-de-la-relegation-au-stade-francais-20250514\" data-fig-type=\"NewsFlash\" data-gtm-custom-categorie=\"navigation\" data-gtm-custom-action=\"crossclick\" data-gtm-custom-label=\"Contextuel\" data-gtm-event=\"customEventSPE\" data-fig-domain=\"LEFIGARO\" rel=\"nofollow noopener\" target=\"_blank\">Jeremy Ward<\/a> , qui est un excellent leader. Nous manquons actuellement de leaders forts. Ils ont tr\u00e8s bien jou\u00e9.\u00bb<\/p>\n<blockquote class=\"fig-quote&#10;    \">\n<p class=\"fig-quote__text\">\u00ab Je ne nommerai pas les joueurs qui m\u2019ont d\u00e9\u00e7u, on doit en garder certains en raison de leur contrat. Mais je pense qu\u2019ils savent, que l\u2019\u00e9quipe sait, qui est totalement motiv\u00e9 et qui ne l\u2019est pas&#8230;\u00a0\u00bb<\/p>\n<p>            Hans-Peter Wild\n    <\/p><\/blockquote>\n<p class=\"fig-paragraph\">L\u2019homme d\u2019affaires suisse-allemand a cependant refus\u00e9 de d\u00e9signer ceux qui ne se donnent pas \u00e0 100% pour le club parisien. \u00abJe ne nommerai pas les joueurs qui m\u2019ont d\u00e9\u00e7u, on doit en garder certains en raison de leur contrat. Mais je pense qu\u2019ils savent, que l\u2019\u00e9quipe sait, qui est totalement motiv\u00e9 et qui ne l\u2019est pas&#8230;\u00bb<\/p>\n","protected":false},"excerpt":{"rendered":"Dans un entretien \u00e0 l\u2019AFP, Hans-Peter Wild d\u00e9nonce \u00abcertains joueurs qui vivent juste pour l\u2019argent\u00bb. Apr\u00e8s le maintien&hellip;\n","protected":false},"author":2,"featured_media":161081,"comment_status":"","ping_status":"","sticky":false,"template":"","format":"standard","meta":{"footnotes":""},"categories":[2],"tags":[11,525,4590,1981,2313,814,1011,27,955,12,4589,2311,25,1980,479,2259,2558,478,2310,2312],"class_list":{"0":"post-161080","1":"post","2":"type-post","3":"status-publish","4":"format-standard","5":"has-post-thumbnail","7":"category-actualites","8":"tag-actualites","9":"tag-calendrier","10":"tag-championnat-france","11":"tag-classement","12":"tag-clermont","13":"tag-direct","14":"tag-fr","15":"tag-france","16":"tag-match","17":"tag-news","18":"tag-phase-finale","19":"tag-racing","20":"tag-republique-francaise","21":"tag-resultats","22":"tag-rugby","23":"tag-score","24":"tag-stade-francais","25":"tag-top-14","26":"tag-toulon","27":"tag-toulouse"},"share_on_mastodon":{"url":"https:\/\/pubeurope.com\/@fr\/114648215970128267","error":""},"_links":{"self":[{"href":"https:\/\/www.europesays.com\/fr\/wp-json\/wp\/v2\/posts\/161080","targetHints":{"allow":["GET"]}}],"collection":[{"href":"https:\/\/www.europesays.com\/fr\/wp-json\/wp\/v2\/posts"}],"about":[{"href":"https:\/\/www.europesays.com\/fr\/wp-json\/wp\/v2\/types\/post"}],"author":[{"embeddable":true,"href":"https:\/\/www.europesays.com\/fr\/wp-json\/wp\/v2\/users\/2"}],"replies":[{"embeddable":true,"href":"https:\/\/www.europesays.com\/fr\/wp-json\/wp\/v2\/comments?post=161080"}],"version-history":[{"count":0,"href":"https:\/\/www.europesays.com\/fr\/wp-json\/wp\/v2\/posts\/161080\/revisions"}],"wp:featuredmedia":[{"embeddable":true,"href":"https:\/\/www.europesays.com\/fr\/wp-json\/wp\/v2\/media\/161081"}],"wp:attachment":[{"href":"https:\/\/www.europesays.com\/fr\/wp-json\/wp\/v2\/media?parent=161080"}],"wp:term":[{"taxonomy":"category","embeddable":true,"href":"https:\/\/www.europesays.com\/fr\/wp-json\/wp\/v2\/categories?post=161080"},{"taxonomy":"post_tag","embeddable":true,"href":"https:\/\/www.europesays.com\/fr\/wp-json\/wp\/v2\/tags?post=161080"}],"curies":[{"name":"wp","href":"https:\/\/api.w.org\/{rel}","templated":true}]}}