{"id":161084,"date":"2025-06-08T14:32:10","date_gmt":"2025-06-08T14:32:10","guid":{"rendered":"https:\/\/www.europesays.com\/fr\/161084\/"},"modified":"2025-06-08T14:32:10","modified_gmt":"2025-06-08T14:32:10","slug":"en-direct-roland-garros-une-fin-de-set-indecise-entre-jannik-sinner-et-carlos-alcaraz-suivez-la-finale","status":"publish","type":"post","link":"https:\/\/www.europesays.com\/fr\/161084\/","title":{"rendered":"En direct Roland-Garros. Une fin de set ind\u00e9cise entre Jannik Sinner et Carlos Alcaraz, suivez la finale"},"content":{"rendered":"<p><a href=\"https:\/\/www.ledauphine.com\/p\/jannik-sinner\" target=\"_blank\" rel=\"noopener\">Jannik Sinner<\/a> et <a href=\"https:\/\/www.ledauphine.com\/p\/carlos-alcaraz\" target=\"_blank\" rel=\"noopener\">Carlos Alcaraz<\/a> s&rsquo;affrontent ce dimanche \u00e0 <a href=\"https:\/\/www.ledauphine.com\/sport\/tennis\" target=\"_blank\" rel=\"noopener\">Roland-Garros<\/a>, pour la <a href=\"https:\/\/www.ledauphine.com\/sport\/2025\/06\/08\/entre-sinner-et-alcaraz-une-finale-pour-ouvrir-un-nouveau-regne\" target=\"_blank\" rel=\"noopener\">premi\u00e8re fois en finale d&rsquo;un Grand Chelem<\/a>. Les deux meilleurs joueurs du monde chercheront \u00e0 garnir leur salle des troph\u00e9es. <\/p>\n<p>Depuis l&rsquo;Open d&rsquo;Australie 2024, Sinner et Alcaraz ont fait main basse sur tous les troph\u00e9es du Grand Chelem, avec un avantage au premier sur les tournois en dur et au second sur la terre battue et le gazon. <\/p>\n<p>Cette rencontre est la premi\u00e8re finale de Grand Chelem entre deux joueurs n\u00e9s au XXIe si\u00e8cle, le duel entre l&rsquo;Italien de 23 ans et le tenant du titre espagnol de 22 ans sera d\u00e9j\u00e0 leur douzi\u00e8me affrontement. Alcaraz m\u00e8ne 7 victoires \u00e0 4 et a remport\u00e9 deux des trois finales qu&rsquo;ils ont jou\u00e9es l&rsquo;un contre l&rsquo;autre.<\/p>\n<p><strong>Suivez la finale de Roland-Garros en direct\u00a0:<\/strong><\/p>\n","protected":false},"excerpt":{"rendered":"Jannik Sinner et Carlos Alcaraz s&rsquo;affrontent ce dimanche \u00e0 Roland-Garros, pour la premi\u00e8re fois en finale d&rsquo;un Grand&hellip;\n","protected":false},"author":2,"featured_media":161085,"comment_status":"","ping_status":"","sticky":false,"template":"","format":"standard","meta":{"footnotes":""},"categories":[1415],"tags":[107,1701,1011,27,329,4171,517,1947,60,1467],"class_list":{"0":"post-161084","1":"post","2":"type-post","3":"status-publish","4":"format-standard","5":"has-post-thumbnail","7":"category-tennis","8":"tag-fil-info","9":"tag-fil-info-sport","10":"tag-fr","11":"tag-france","12":"tag-france-monde","13":"tag-roland-garros","14":"tag-sport","15":"tag-sport-national","16":"tag-sports","17":"tag-tennis"},"share_on_mastodon":{"url":"https:\/\/pubeurope.com\/@fr\/114648235539714153","error":""},"_links":{"self":[{"href":"https:\/\/www.europesays.com\/fr\/wp-json\/wp\/v2\/posts\/161084","targetHints":{"allow":["GET"]}}],"collection":[{"href":"https:\/\/www.europesays.com\/fr\/wp-json\/wp\/v2\/posts"}],"about":[{"href":"https:\/\/www.europesays.com\/fr\/wp-json\/wp\/v2\/types\/post"}],"author":[{"embeddable":true,"href":"https:\/\/www.europesays.com\/fr\/wp-json\/wp\/v2\/users\/2"}],"replies":[{"embeddable":true,"href":"https:\/\/www.europesays.com\/fr\/wp-json\/wp\/v2\/comments?post=161084"}],"version-history":[{"count":0,"href":"https:\/\/www.europesays.com\/fr\/wp-json\/wp\/v2\/posts\/161084\/revisions"}],"wp:featuredmedia":[{"embeddable":true,"href":"https:\/\/www.europesays.com\/fr\/wp-json\/wp\/v2\/media\/161085"}],"wp:attachment":[{"href":"https:\/\/www.europesays.com\/fr\/wp-json\/wp\/v2\/media?parent=161084"}],"wp:term":[{"taxonomy":"category","embeddable":true,"href":"https:\/\/www.europesays.com\/fr\/wp-json\/wp\/v2\/categories?post=161084"},{"taxonomy":"post_tag","embeddable":true,"href":"https:\/\/www.europesays.com\/fr\/wp-json\/wp\/v2\/tags?post=161084"}],"curies":[{"name":"wp","href":"https:\/\/api.w.org\/{rel}","templated":true}]}}