{"id":161090,"date":"2025-06-08T14:36:10","date_gmt":"2025-06-08T14:36:10","guid":{"rendered":"https:\/\/www.europesays.com\/fr\/161090\/"},"modified":"2025-06-08T14:36:10","modified_gmt":"2025-06-08T14:36:10","slug":"cyclisme-tour-de-catalogne-feminin","status":"publish","type":"post","link":"https:\/\/www.europesays.com\/fr\/161090\/","title":{"rendered":"Cyclisme. Tour de Catalogne F\u00e9minin"},"content":{"rendered":"<p><strong>Loes Adegeest<\/strong> (FDJ-SUEZ) a remport\u00e9 ce dimanche la 3e et derni\u00e8re \u00e9tape du <strong><a href=\"https:\/\/www.cyclismactu.net\/..\/news-tour-de-catalogne-feminin-route-demi-vollering-2e-etape-marion-bunel-impressionne-88245.html\" target=\"_blank\" rel=\"nofollow noopener\">Tour de Catalogne F\u00e9minin<\/a><\/strong>, au terme d\u2019une course usante et mouvement\u00e9e. La N\u00e9erlandaise a triomph\u00e9 au sprint dans un peloton r\u00e9duit, parfaitement lanc\u00e9e par sa compatriote et leader <strong>Demi Vollering<\/strong>, qui conclut cette \u00e9preuve par un succ\u00e8s au classement g\u00e9n\u00e9ral. Un 4\/4 donc pour la<strong> FDJ-SUEZ<\/strong>, qui a remport\u00e9 les trois \u00e9tapes et le g\u00e9n\u00e9ral.<\/p>\n<p>Vid\u00e9o &#8211; Revivez le final de cette 3e \u00e9tape du Tour de Catalogne Lire la suite de l&rsquo;article&#13;<\/p>\n<p>\u00a0<\/p>\n<p>&#13;<br \/>\nLe r\u00e9sum\u00e9&#13;<\/p>\n<p>Grande favorite apr\u00e8s avoir domin\u00e9 les deux premi\u00e8res \u00e9tapes, <strong>Demi Vollering<\/strong> (FDJ-SUEZ) a vu la derni\u00e8re journ\u00e9e s\u2019animer sur les routes vallonn\u00e9es vers Barcelone. <strong>Anneke Dijkstra<\/strong> (VolkerWessels) a tent\u00e9 une longue \u00e9chapp\u00e9e, rapidement ma\u00eetris\u00e9e. <strong>Visma | Lease a Bike<\/strong> a multipli\u00e9 les attaques, notamment avec<strong> Viktoria Chladonova<\/strong>, mais <strong>FDJ-SUEZ<\/strong> a bien r\u00e9agi via Elise <strong>Chabbey<\/strong>. Un contre offensif s\u2019est form\u00e9 avec <strong>Marit Raaijmakers<\/strong> (Human Powered Health), <strong>Noa Jansen <\/strong>(Liv Alula Jayco), <strong>Nina Buijsman <\/strong>(FDJ-SUEZ), <strong>Eva van Agt<\/strong> (Visma | Lease a Bike) et<strong> Maud Rijnbeek<\/strong> (VolkerWessels), mais <strong>Movistar<\/strong>, absente \u00e0 l\u2019avant, a fait l&rsquo;effort. M\u00eame les derni\u00e8res tentatives de <strong>Femke de Vries<\/strong> (Visma | Lease a Bike) et <strong>Eline Jansen<\/strong> (VolkerWessels) ont \u00e9chou\u00e9 face \u00e0 la ma\u00eetrise des grosses \u00e9quipes.<\/p>\n<p>&#13;<\/p>\n<p>Dans un final en faux-plat montant, <strong>FDJ-SUEZ<\/strong> a tout verrouill\u00e9. <strong>Quinty Schoens <\/strong>(VolkerWessels) et <strong>Agua Esp\u00ednola<\/strong> (Farto &#8211; Kiroot) ont bien tent\u00e9 leur chance, mais <strong>Demi Vollering<\/strong>, assur\u00e9e du g\u00e9n\u00e9ral, a parfaitement lanc\u00e9 le sprint pour <strong>Loes Adegeest,<\/strong>\u00a0victorieuse au sprint. <strong>Eva van Agt<\/strong> (Visma | Lease a Bike) prend la deuxi\u00e8me place, devant <strong>Eline Jansen <\/strong>(VolkerWessels).<\/p>\n<p>Tour de Catalogne Femmes &#8211; Classement de la 3\u00e8 \u00e9tape Tour de Catalogne Femmes &#8211; Classement g\u00e9n\u00e9ral<\/p>\n","protected":false},"excerpt":{"rendered":"Loes Adegeest (FDJ-SUEZ) a remport\u00e9 ce dimanche la 3e et derni\u00e8re \u00e9tape du Tour de Catalogne F\u00e9minin, au&hellip;\n","protected":false},"author":2,"featured_media":161091,"comment_status":"","ping_status":"","sticky":false,"template":"","format":"standard","meta":{"footnotes":""},"categories":[1411],"tags":[1154,207,211,1011,27,209,60,29287,210,212,208,213],"class_list":{"0":"post-161090","1":"post","2":"type-post","3":"status-publish","4":"format-standard","5":"has-post-thumbnail","7":"category-cyclisme","8":"tag-cycling","9":"tag-cyclisme","10":"tag-ffc","11":"tag-fr","12":"tag-france","13":"tag-route","14":"tag-sports","15":"tag-tour-de-catalogne-feminin","16":"tag-tour-de-france","17":"tag-uci","18":"tag-velo","19":"tag-world-tour"},"share_on_mastodon":{"url":"https:\/\/pubeurope.com\/@fr\/114648251367003135","error":""},"_links":{"self":[{"href":"https:\/\/www.europesays.com\/fr\/wp-json\/wp\/v2\/posts\/161090","targetHints":{"allow":["GET"]}}],"collection":[{"href":"https:\/\/www.europesays.com\/fr\/wp-json\/wp\/v2\/posts"}],"about":[{"href":"https:\/\/www.europesays.com\/fr\/wp-json\/wp\/v2\/types\/post"}],"author":[{"embeddable":true,"href":"https:\/\/www.europesays.com\/fr\/wp-json\/wp\/v2\/users\/2"}],"replies":[{"embeddable":true,"href":"https:\/\/www.europesays.com\/fr\/wp-json\/wp\/v2\/comments?post=161090"}],"version-history":[{"count":0,"href":"https:\/\/www.europesays.com\/fr\/wp-json\/wp\/v2\/posts\/161090\/revisions"}],"wp:featuredmedia":[{"embeddable":true,"href":"https:\/\/www.europesays.com\/fr\/wp-json\/wp\/v2\/media\/161091"}],"wp:attachment":[{"href":"https:\/\/www.europesays.com\/fr\/wp-json\/wp\/v2\/media?parent=161090"}],"wp:term":[{"taxonomy":"category","embeddable":true,"href":"https:\/\/www.europesays.com\/fr\/wp-json\/wp\/v2\/categories?post=161090"},{"taxonomy":"post_tag","embeddable":true,"href":"https:\/\/www.europesays.com\/fr\/wp-json\/wp\/v2\/tags?post=161090"}],"curies":[{"name":"wp","href":"https:\/\/api.w.org\/{rel}","templated":true}]}}