{"id":161094,"date":"2025-06-08T14:38:09","date_gmt":"2025-06-08T14:38:09","guid":{"rendered":"https:\/\/www.europesays.com\/fr\/161094\/"},"modified":"2025-06-08T14:38:09","modified_gmt":"2025-06-08T14:38:09","slug":"renaud-tremblant-et-lair-hagard-cette-apparition-surprise-qui-ne-rassure-pas","status":"publish","type":"post","link":"https:\/\/www.europesays.com\/fr\/161094\/","title":{"rendered":"Renaud tremblant et l\u2019air hagard : cette apparition surprise qui ne rassure pas"},"content":{"rendered":"<p>Le concert <strong>Stars 80 vs Stars 90 : la grande<br \/>\nbattle<\/strong> de Lille du samedi 7 juin dernier a \u00e9t\u00e9 marqu\u00e9<br \/>\npar <strong>l\u2019apparition surprise<\/strong> de <a href=\"https:\/\/www.closermag.fr\/people\/renaud-remonte-sur-scene-incapable-darticuler-regard-vide-le-chanteur-fait-peine-a-voir-dans-une-video-qui-derange-3496329\" target=\"_blank\" rel=\"noopener\"><br \/>\nRenaud<\/a>. Un \u00e9v\u00e9nement rare que les fans pr\u00e9sents au D\u00e9cathlon<br \/>\nArena &#8211; Stade Pierre Mauroy ont accueilli avec la plus grande joie.<br \/>\nM\u00eame chose pour les t\u00e9l\u00e9spectateurs qui ont pu assister \u00e0 ce moment<br \/>\n\u00e9mouvant sur M6.<\/p>\n<p>Pr\u00e8s de <strong>30 000 spectateurs<\/strong> ont fait le<br \/>\nd\u00e9placement pour <a href=\"https:\/\/www.telestar.fr\/people\/une-star-un-destin-renaud-maitre-de-la-renaissance-473210\" target=\"_blank\" rel=\"noopener\"><br \/>\nl\u2019occasion<\/a>, annoncent les organisateurs. Des fans qui sont<br \/>\nvenus revivre des incontournables d\u2019une autre \u00e9poque comme<br \/>\n\u00ab\u00a0<strong>Tu m\u2019oublieras<\/strong>\u00a0\u00bb de Larusso,<br \/>\n\u00ab\u00a0Maldon\u00a0\u00bb et bien d\u2019autres\u2026 Un grand concert qui semblait<br \/>\n\u00eatre un voyage dans le temps \u00e0 travers la musique.<\/p>\n<p>Apparition surprise de Renaud : des signes qui ne rassurent<br \/>\npas<\/p>\n<p>Autant le dire, le public a \u00e9t\u00e9 agr\u00e9ablement surpris \u00e0 l\u2019arriv\u00e9e<br \/>\nde <strong>Renaud<\/strong> sur sc\u00e8ne. Retenant son souffle,<br \/>\nl\u2019audience a regard\u00e9 la star descendre avec confiance les marches<br \/>\navec une vague d\u2019applaudissements. Habill\u00e9 tout en noir avec<br \/>\nl\u2019incontournable foulard rouge, le chanteur a chant\u00e9 le d\u00e9but du<br \/>\ntitre <strong>Les Corons<\/strong> de <strong>Pierre<br \/>\nBachelet<\/strong>.<\/p>\n<p>Submerg\u00e9 par l\u2019\u00e9motion ou mal \u00eatre ? Les fans aux yeux d\u2019aigle<br \/>\nn\u2019ont pas rat\u00e9 quelques signes qui ne rassuraient pas \u00e0 propos de<br \/>\nRenaud. Tenant son micro, l\u2019artiste de 73 ans <strong>tremblait des<br \/>\nmains<\/strong> de mani\u00e8re incontr\u00f4lable. Ajout\u00e9 \u00e0 un <strong>regard<br \/>\nvide<\/strong>, un regard hagard\u2026 heureuse que sa performance a \u00e9t\u00e9<br \/>\nplus d\u00e9cisive que ces signes.<\/p>\n<blockquote class=\"twitter-tweet\"><p><a class=\"twitter-link\" rel=\"noindex, nofollow noopener\" href=\"https:\/\/twitter.com\/K_eaguingamp\/status\/1931460014264201497\" target=\"_blank\"><\/p><\/blockquote>\n<p>Renaud : un deuxi\u00e8me souffle de<br \/>\nvie<\/p>\n<p>R\u00e9cemment, <strong>Renaud<\/strong> a v\u00e9ritablement <a href=\"https:\/\/www.closermag.fr\/people\/renaud-tombe-dans-un-delire-paranoiaque-le-kgb-a-lorigine-de-son-alcoolisme-cette-folle-histoire-3541424\" target=\"_blank\" rel=\"noopener\"><br \/>\nremont\u00e9 la pente<\/a>. Un renouveau que le papa de Lolita attribue<br \/>\nmajoritairement \u00e0 <a href=\"https:\/\/www.closermag.fr\/people\/exclu-romane-serda-ce-quelle-pense-vraiment-du-mariage-de-renaud-avec-cerise-3539512\" target=\"_blank\" rel=\"noopener\"><br \/>\nCerise<\/a>, celle qu\u2019il a \u00e9pous\u00e9 l\u2019ann\u00e9e derni\u00e8re. De 29 ans sa<br \/>\ncadette, la cr\u00e9atrice d\u2019accessoires a eu un effet plus que positif<br \/>\ndans la vie du chanteur. Apr\u00e8s tout, il a lui-m\u00eame avou\u00e9 avoir<br \/>\nadopt\u00e9 <strong>une meilleure hygi\u00e8ne de vie<\/strong>.<\/p>\n<p>Lors d\u2019une interview au Parisien, il a confi\u00e9 qu\u2019il<br \/>\n<strong>se levait \u00e0 6 heures<\/strong> et se couchait \u00e0 minuit. En<br \/>\nplus de pratiquer <strong>du sport quotidiennement<\/strong>, il<br \/>\nsuivrait aussi des <strong>s\u00e9ances de kin\u00e9sith\u00e9rapie<br \/>\nfaciale<\/strong>. Et le plus important : <strong>plus<br \/>\nd\u2019alcool<\/strong> ! De quoi faire sourire ses nombreux fans qui<br \/>\nveulent le revoir \u00e0 son prime.<\/p>\n<p><script async src=\"https:\/\/platform.twitter.com\/widgets.js\" charset=\"utf-8\"><\/script><\/p>\n","protected":false},"excerpt":{"rendered":"Le concert Stars 80 vs Stars 90 : la grande battle de Lille du samedi 7 juin dernier&hellip;\n","protected":false},"author":2,"featured_media":161095,"comment_status":"","ping_status":"","sticky":false,"template":"","format":"standard","meta":{"footnotes":""},"categories":[1359],"tags":[548,58,59,1011,27,973,1628],"class_list":{"0":"post-161094","1":"post","2":"type-post","3":"status-publish","4":"format-standard","5":"has-post-thumbnail","7":"category-people","8":"tag-article-simple","9":"tag-divertissement","10":"tag-entertainment","11":"tag-fr","12":"tag-france","13":"tag-people","14":"tag-renaud"},"share_on_mastodon":{"url":"https:\/\/pubeurope.com\/@fr\/114648259168016731","error":""},"_links":{"self":[{"href":"https:\/\/www.europesays.com\/fr\/wp-json\/wp\/v2\/posts\/161094","targetHints":{"allow":["GET"]}}],"collection":[{"href":"https:\/\/www.europesays.com\/fr\/wp-json\/wp\/v2\/posts"}],"about":[{"href":"https:\/\/www.europesays.com\/fr\/wp-json\/wp\/v2\/types\/post"}],"author":[{"embeddable":true,"href":"https:\/\/www.europesays.com\/fr\/wp-json\/wp\/v2\/users\/2"}],"replies":[{"embeddable":true,"href":"https:\/\/www.europesays.com\/fr\/wp-json\/wp\/v2\/comments?post=161094"}],"version-history":[{"count":0,"href":"https:\/\/www.europesays.com\/fr\/wp-json\/wp\/v2\/posts\/161094\/revisions"}],"wp:featuredmedia":[{"embeddable":true,"href":"https:\/\/www.europesays.com\/fr\/wp-json\/wp\/v2\/media\/161095"}],"wp:attachment":[{"href":"https:\/\/www.europesays.com\/fr\/wp-json\/wp\/v2\/media?parent=161094"}],"wp:term":[{"taxonomy":"category","embeddable":true,"href":"https:\/\/www.europesays.com\/fr\/wp-json\/wp\/v2\/categories?post=161094"},{"taxonomy":"post_tag","embeddable":true,"href":"https:\/\/www.europesays.com\/fr\/wp-json\/wp\/v2\/tags?post=161094"}],"curies":[{"name":"wp","href":"https:\/\/api.w.org\/{rel}","templated":true}]}}