{"id":161112,"date":"2025-06-08T14:47:10","date_gmt":"2025-06-08T14:47:10","guid":{"rendered":"https:\/\/www.europesays.com\/fr\/161112\/"},"modified":"2025-06-08T14:47:10","modified_gmt":"2025-06-08T14:47:10","slug":"une-anomalie-magnetique-qui-derange-la-nouvelle-mesure-du-muon-pourrait-ouvrir-une-breche-dans-le-modele-standard","status":"publish","type":"post","link":"https:\/\/www.europesays.com\/fr\/161112\/","title":{"rendered":"Une anomalie magn\u00e9tique qui d\u00e9range : la nouvelle mesure du muon pourrait ouvrir une br\u00e8che dans le mod\u00e8le standard"},"content":{"rendered":"<tr>\n<td><strong>EN BREF<\/strong><\/td>\n<\/tr>\n<tr>\n<td>\n<ul>\n<li>\ud83d\udd2c Les chercheurs du <strong>Fermilab<\/strong> ont mesur\u00e9 l\u2019anomalie magn\u00e9tique du muon avec une pr\u00e9cision in\u00e9gal\u00e9e.<\/li>\n<li>\ud83e\uddea Cette avanc\u00e9e remet en question les fondements du <strong>Mod\u00e8le Standard<\/strong> de la physique des particules.<\/li>\n<li>\ud83d\udcca L\u2019exp\u00e9rience a analys\u00e9 des donn\u00e9es collect\u00e9es sur trois ans, multipliant par trois la quantit\u00e9 de donn\u00e9es pr\u00e9c\u00e9demment utilis\u00e9es.<\/li>\n<li>\ud83d\udd0d Le projet futur au Japon pourrait offrir de nouvelles perspectives, bien qu\u2019il soit peu probable qu\u2019il atteigne la m\u00eame pr\u00e9cision.<\/li>\n<\/ul>\n<\/td>\n<\/tr>\n<p>Les d\u00e9couvertes scientifiques r\u00e9centes ont souvent le potentiel de transformer notre compr\u00e9hension de l\u2019univers, et l\u2019annonce r\u00e9cente des r\u00e9sultats finaux de l\u2019exp\u00e9rience Muon g-2 au Fermi National Accelerator Laboratory en est un exemple frappant. Cette exp\u00e9rience, dirig\u00e9e par des chercheurs du D\u00e9partement de l\u2019\u00c9nergie des \u00c9tats-Unis, a permis de mesurer l\u2019anomalie magn\u00e9tique du muon avec une pr\u00e9cision sans pr\u00e9c\u00e9dent. Ce r\u00e9sultat marque une \u00e9tape cruciale pour la physique des particules, en posant un d\u00e9fi aux extensions propos\u00e9es du Mod\u00e8le Standard et en offrant des perspectives int\u00e9ressantes pour l\u2019avenir de la recherche en physique fondamentale.<\/p>\n<p>Un laboratoire de renomm\u00e9e mondiale<\/p>\n<p>Le Fermi National Accelerator Laboratory, souvent abr\u00e9g\u00e9 en Fermilab, est l\u2019un des principaux centres de recherche en physique des particules au monde. Situ\u00e9 aux \u00c9tats-Unis, ce laboratoire a \u00e9t\u00e9 le th\u00e9\u00e2tre de nombreuses d\u00e9couvertes majeures dans le domaine de la physique des hautes \u00e9nergies. L\u2019exp\u00e9rience Muon g-2, qui s\u2019y est d\u00e9roul\u00e9e, constitue l\u2019un des projets phares du laboratoire.<\/p>\n<p>Ce projet ambitieux, d\u00e9but\u00e9 en 2017, visait \u00e0 \u00e9tudier le comportement des muons, des particules fondamentales 200 fois plus massives que les \u00e9lectrons. Le <strong>muon<\/strong> poss\u00e8de un moment magn\u00e9tique qui, lorsqu\u2019il est mesur\u00e9 avec une pr\u00e9cision extr\u00eame, peut r\u00e9v\u00e9ler des indices sur la pr\u00e9sence de nouvelles particules ou de nouvelles forces physiques. Les travaux men\u00e9s \u00e0 Fermilab ont non seulement permis de valider les r\u00e9sultats pr\u00e9c\u00e9dents obtenus \u00e0 Brookhaven, mais ont \u00e9galement atteint un niveau de pr\u00e9cision d\u00e9passant les attentes initiales du projet.<\/p>\n<blockquote class=\"wp-embedded-content\" data-secret=\"gZJNBC45DO\">\n<p><a href=\"https:\/\/newsly.fr\/2025\/05\/19\/ce-garcon-de-8-ans-met-au-jour-une-epave-vieille-de-169-ans-son-jouet-danniversaire-revele-un-tresor-maritime-oublie\/\" rel=\"nofollow noopener\" target=\"_blank\">Ce gar\u00e7on de 8 ans met au jour une \u00e9pave vieille de 169 ans : son jouet d\u2019anniversaire r\u00e9v\u00e8le un tr\u00e9sor maritime oubli\u00e9<\/a><\/p>\n<\/blockquote>\n<p>L\u2019enqu\u00eate sur le \u00ab balancement \u00bb subtil des muons<\/p>\n<p>Les muons sont des particules fascinantes, et leur \u00e9tude a souvent conduit \u00e0 des perc\u00e9es significatives en physique. L\u2019exp\u00e9rience Muon g-2 a cherch\u00e9 \u00e0 analyser le \u00ab balancement \u00bb subtil des muons, une oscillation gouvern\u00e9e par le facteur g. Ce dernier est un param\u00e8tre crucial qui encapsule les interactions entre les muons et les autres particules du Mod\u00e8le Standard.<\/p>\n<p>En \u00e9tudiant cette anomalie magn\u00e9tique, les scientifiques peuvent tester la validit\u00e9 du Mod\u00e8le Standard de la physique des particules. Les premi\u00e8res mesures r\u00e9alis\u00e9es \u00e0 Brookhaven \u00e0 la fin des ann\u00e9es 1990 avaient d\u00e9j\u00e0 soulev\u00e9 des questions, sugg\u00e9rant une possible discordance avec les pr\u00e9dictions th\u00e9oriques. Cela a conduit \u00e0 une mise \u00e0 jour et \u00e0 une relocalisation de l\u2019exp\u00e9rience \u00e0 Fermilab en 2013, renfor\u00e7ant ainsi l\u2019engagement de la communaut\u00e9 scientifique \u00e0 r\u00e9soudre cette \u00e9nigme.<\/p>\n<blockquote class=\"wp-embedded-content\" data-secret=\"Re43Znydud\">\n<p><a href=\"https:\/\/newsly.fr\/2025\/05\/27\/explosion-de-joie-sur-un-chantier-un-ouvrier-decouvre-3-kg-de-galene-pure-et-declenche-une-prime-exceptionnelle-des-le-5-juin\/\" rel=\"nofollow noopener\" target=\"_blank\">Explosion de joie sur un chantier : un ouvrier d\u00e9couvre 3 kg de gal\u00e8ne pure et d\u00e9clenche une prime exceptionnelle d\u00e8s le 5 juin<\/a><\/p>\n<\/blockquote>\n<p>R\u00e9duction de la discordance<\/p>\n<p>Parall\u00e8lement aux efforts exp\u00e9rimentaux, l\u2019Initiative Th\u00e9orique Internationale Muon g-2 a \u00e9t\u00e9 mise en place pour affiner les calculs th\u00e9oriques. En 2020, cette initiative a publi\u00e9 une nouvelle valeur du Mod\u00e8le Standard, bas\u00e9e sur des techniques fond\u00e9es sur les donn\u00e9es disponibles. Malgr\u00e9 les avanc\u00e9es exp\u00e9rimentales, la discordance avec les pr\u00e9dictions th\u00e9oriques a persist\u00e9, alimentant les sp\u00e9culations sur la pr\u00e9sence de nouvelles physiques.<\/p>\n<p>Cependant, une nouvelle pr\u00e9diction th\u00e9orique, bas\u00e9e sur une technique computationnelle intensive, a \u00e9merg\u00e9, r\u00e9duisant l\u2019\u00e9cart avec les mesures exp\u00e9rimentales. Cette convergence entre th\u00e9orie et exp\u00e9rience pose de nouveaux d\u00e9fis aux physiciens, tout en \u00e9tablissant de nouvelles normes pour toute extension future du Mod\u00e8le Standard.<\/p>\n<blockquote class=\"wp-embedded-content\" data-secret=\"GqdyrqORTu\">\n<p><a href=\"https:\/\/newsly.fr\/2025\/03\/16\/les-stars-de-tiktok-et-instagram-boostent-leur-influence-avec-cette-technique-acheter-des-fans-com-la-methode-qui-cartonne\/\" rel=\"nofollow noopener\" target=\"_blank\">\u00ab\u00a0Les stars de TikTok et Instagram boostent leur influence avec cette technique\u00a0\u00bb : Acheter-des-Fans.com, la m\u00e9thode qui cartonne<\/a><\/p>\n<\/blockquote>\n<p>L\u2019analyse primaire est achev\u00e9e<\/p>\n<p>Bien que l\u2019analyse primaire de l\u2019exp\u00e9rience Muon g-2 soit d\u00e9sormais termin\u00e9e, les scientifiques disposent encore de pr\u00e9cieuses donn\u00e9es \u00e0 explorer. Ces informations, recueillies au cours des six ann\u00e9es d\u2019op\u00e9ration, pourraient fournir des pistes pour de futures recherches sur le moment dipolaire \u00e9lectrique du muon, ainsi que sur la sym\u00e9trie de charge, de parit\u00e9 et d\u2019inversion temporelle.<\/p>\n<p>L\u2019Initiative Th\u00e9orique continue de travailler pour harmoniser les approches de pr\u00e9diction th\u00e9orique, cr\u00e9ant ainsi un cadre plus coh\u00e9rent pour l\u2019interpr\u00e9tation des r\u00e9sultats exp\u00e9rimentaux. Un futur projet au Japan Proton Accelerator Research Complex pourrait \u00e9galement offrir de nouvelles perspectives, m\u00eame s\u2019il ne devrait pas atteindre le m\u00eame niveau de pr\u00e9cision que celui de Fermilab.<\/p>\n<p>Les r\u00e9sultats de l\u2019exp\u00e9rience Muon g-2 ont non seulement confirm\u00e9 la validit\u00e9 du Mod\u00e8le Standard, mais ont \u00e9galement ouvert la voie \u00e0 de nouvelles questions et possibilit\u00e9s en physique des particules. Quelle sera la prochaine \u00e9tape pour les scientifiques, et quelles surprises l\u2019univers nous r\u00e9serve-t-il encore ?<\/p>\n<p>L\u2019auteur s\u2019est appuy\u00e9 sur l\u2019intelligence artificielle pour enrichir cet article.<\/p>\n<p id=\"rating\">\u00c7a vous a plu ?\u00a04.5\/5 (28)<\/p>\n","protected":false},"excerpt":{"rendered":"EN BREF \ud83d\udd2c Les chercheurs du Fermilab ont mesur\u00e9 l\u2019anomalie magn\u00e9tique du muon avec une pr\u00e9cision in\u00e9gal\u00e9e. \ud83e\uddea&hellip;\n","protected":false},"author":2,"featured_media":161113,"comment_status":"","ping_status":"","sticky":false,"template":"","format":"standard","meta":{"footnotes":""},"categories":[7],"tags":[1011,27,43,40,41,39,42,44],"class_list":{"0":"post-161112","1":"post","2":"type-post","3":"status-publish","4":"format-standard","5":"has-post-thumbnail","7":"category-sciences-et-technologies","8":"tag-fr","9":"tag-france","10":"tag-science","11":"tag-science-and-technology","12":"tag-sciences","13":"tag-sciences-et-technologies","14":"tag-technologies","15":"tag-technology"},"share_on_mastodon":{"url":"https:\/\/pubeurope.com\/@fr\/114648294720128635","error":""},"_links":{"self":[{"href":"https:\/\/www.europesays.com\/fr\/wp-json\/wp\/v2\/posts\/161112","targetHints":{"allow":["GET"]}}],"collection":[{"href":"https:\/\/www.europesays.com\/fr\/wp-json\/wp\/v2\/posts"}],"about":[{"href":"https:\/\/www.europesays.com\/fr\/wp-json\/wp\/v2\/types\/post"}],"author":[{"embeddable":true,"href":"https:\/\/www.europesays.com\/fr\/wp-json\/wp\/v2\/users\/2"}],"replies":[{"embeddable":true,"href":"https:\/\/www.europesays.com\/fr\/wp-json\/wp\/v2\/comments?post=161112"}],"version-history":[{"count":0,"href":"https:\/\/www.europesays.com\/fr\/wp-json\/wp\/v2\/posts\/161112\/revisions"}],"wp:featuredmedia":[{"embeddable":true,"href":"https:\/\/www.europesays.com\/fr\/wp-json\/wp\/v2\/media\/161113"}],"wp:attachment":[{"href":"https:\/\/www.europesays.com\/fr\/wp-json\/wp\/v2\/media?parent=161112"}],"wp:term":[{"taxonomy":"category","embeddable":true,"href":"https:\/\/www.europesays.com\/fr\/wp-json\/wp\/v2\/categories?post=161112"},{"taxonomy":"post_tag","embeddable":true,"href":"https:\/\/www.europesays.com\/fr\/wp-json\/wp\/v2\/tags?post=161112"}],"curies":[{"name":"wp","href":"https:\/\/api.w.org\/{rel}","templated":true}]}}