{"id":161116,"date":"2025-06-08T14:49:15","date_gmt":"2025-06-08T14:49:15","guid":{"rendered":"https:\/\/www.europesays.com\/fr\/161116\/"},"modified":"2025-06-08T14:49:15","modified_gmt":"2025-06-08T14:49:15","slug":"espagne-grande-manifestation-contre-pedro-sanchez-accuse-de-corruption-actualites","status":"publish","type":"post","link":"https:\/\/www.europesays.com\/fr\/161116\/","title":{"rendered":"Espagne: grande manifestation contre Pedro Sanchez accus\u00e9 de corruption : Actualit\u00e9s"},"content":{"rendered":"<p class=\"lead \">Des dizaines de milliers de personnes se sont rassembl\u00e9es dimanche \u00e0 Madrid, lors d&rsquo;une manifestation organis\u00e9e par le principal parti d&rsquo;opposition conservateur d&rsquo;Espagne contre le gouvernement du Premier ministre socialiste Pedro Sanchez, l&rsquo;accusant de corruption. <\/p>\n<p class=\"lead \">Les manifestants, dont beaucoup agitaient des drapeaux espagnols, se sont rassembl\u00e9s sur la Place d&rsquo;Espagne, au centre de la capitale, et ont scand\u00e9 \u00ab\u00a0Pedro Sanchez, d\u00e9missionne !\u00a0\u00bb tout en d\u00e9non\u00e7ant le gouvernement. <\/p>\n<p class=\"lead \">Le Parti populaire (PP) a appel\u00e9 au rassemblement apr\u00e8s la fuite d&rsquo;enregistrements audio qui auraient montr\u00e9 qu&rsquo;une membre du Parti socialiste, Leire Diez, menait une campagne de d\u00e9nigrement contre une unit\u00e9 de police enqu\u00eatant sur des accusations de corruption impliquant la femme de Pedro Sanchez, son fr\u00e8re et son ancien bras droit. <\/p>\n<p class=\"lead \">Elle a rejet\u00e9 les accusations, d\u00e9clarant aux journalistes mercredi qu&rsquo;elle menait des recherches pour un livre et ne travaillait pas au nom du parti ou de Pedro Sanchez. Elle a \u00e9galement d\u00e9missionn\u00e9 du parti socialiste. <\/p>\n<p class=\"lead \">Le leader du PP, Alberto Nunez Feijoo, a accus\u00e9 le gouvernement de \u00ab\u00a0pratiques mafieuses\u00a0\u00bb dans cette affaire et a d\u00e9clar\u00e9 que Pedro Sanchez est \u00ab\u00a0au centre\u00a0\u00bb de multiples scandales de corruption. <\/p>\n<p class=\"lead \">\u00ab\u00a0Ce gouvernement a tout sali \u2014 la politique, les institutions d&rsquo;\u00c9tat, la s\u00e9paration des pouvoirs\u00a0\u00bb, a-t-il d\u00e9clar\u00e9 lors du rassemblement avant d&rsquo;exhorter Pedro Sanchez \u00e0 \u00ab\u00a0se soumettre \u00e0 la d\u00e9mocratie\u00a0\u00bb et \u00e0 convoquer des \u00e9lections anticip\u00e9es.<\/p>\n<p class=\"lead \">Le PP a estim\u00e9 que plus de 100.000 personnes avaient particip\u00e9 au rassemblement, qui avait pour slogan \u00ab\u00a0Mafia ou D\u00e9mocratie\u00a0\u00bb. Le repr\u00e9sentant du gouvernement central \u00e0 Madrid a \u00e9valu\u00e9 la participation entre 45.000 et 50.000. <\/p>\n<p class=\"lead \">\u00ab\u00a0La date de p\u00e9remption de ce gouvernement est pass\u00e9e depuis longtemps. \u00c7a devient \u00e9puisant\u00a0\u00bb, a d\u00e9clar\u00e9 \u00e0 l&rsquo;AFP lors du rassemblement Blanca Requejo, une g\u00e9rante de magasin de 46 ans. <\/p>\n<p class=\"lead \">Pedro Sanchez a qualifi\u00e9 les enqu\u00eates impliquant des membres de son cercle proche de \u00ab\u00a0campagne de d\u00e9nigrement\u00a0\u00bb men\u00e9e par la droite pour saper son gouvernement. <\/p>\n<p class=\"lead \">Il est arriv\u00e9 au pouvoir en juin 2018 apr\u00e8s avoir \u00e9vinc\u00e9 son pr\u00e9d\u00e9cesseur du PP, Mariano Rajoy, lors d&rsquo;un vote de d\u00e9fiance li\u00e9 \u00e0 un scandale de corruption impliquant le parti conservateur. <\/p>\n<p class=\"lead \">Les sondages r\u00e9cents montrent que le PP a une l\u00e9g\u00e8re avance sur les socialistes. Les prochaines \u00e9lections g\u00e9n\u00e9rales sont pr\u00e9vues en 2027.<\/p>\n<p class=\"small font-weight-bold text-gray3 \"> publi\u00e9 le 8 juin \u00e0 13h52, AFP<\/p>\n<p>                             Partager<\/p>\n","protected":false},"excerpt":{"rendered":"Des dizaines de milliers de personnes se sont rassembl\u00e9es dimanche \u00e0 Madrid, lors d&rsquo;une manifestation organis\u00e9e par le&hellip;\n","protected":false},"author":2,"featured_media":161117,"comment_status":"","ping_status":"","sticky":false,"template":"","format":"standard","meta":{"footnotes":""},"categories":[5],"tags":[11,1770,123,1011,27,14,2088,12,316,28],"class_list":{"0":"post-161116","1":"post","2":"type-post","3":"status-publish","4":"format-standard","5":"has-post-thumbnail","7":"category-international","8":"tag-actualites","9":"tag-corruption","10":"tag-espagne","11":"tag-fr","12":"tag-france","13":"tag-international","14":"tag-manifestation","15":"tag-news","16":"tag-politique","17":"tag-world"},"share_on_mastodon":{"url":"https:\/\/pubeurope.com\/@fr\/114648302477165157","error":""},"_links":{"self":[{"href":"https:\/\/www.europesays.com\/fr\/wp-json\/wp\/v2\/posts\/161116","targetHints":{"allow":["GET"]}}],"collection":[{"href":"https:\/\/www.europesays.com\/fr\/wp-json\/wp\/v2\/posts"}],"about":[{"href":"https:\/\/www.europesays.com\/fr\/wp-json\/wp\/v2\/types\/post"}],"author":[{"embeddable":true,"href":"https:\/\/www.europesays.com\/fr\/wp-json\/wp\/v2\/users\/2"}],"replies":[{"embeddable":true,"href":"https:\/\/www.europesays.com\/fr\/wp-json\/wp\/v2\/comments?post=161116"}],"version-history":[{"count":0,"href":"https:\/\/www.europesays.com\/fr\/wp-json\/wp\/v2\/posts\/161116\/revisions"}],"wp:featuredmedia":[{"embeddable":true,"href":"https:\/\/www.europesays.com\/fr\/wp-json\/wp\/v2\/media\/161117"}],"wp:attachment":[{"href":"https:\/\/www.europesays.com\/fr\/wp-json\/wp\/v2\/media?parent=161116"}],"wp:term":[{"taxonomy":"category","embeddable":true,"href":"https:\/\/www.europesays.com\/fr\/wp-json\/wp\/v2\/categories?post=161116"},{"taxonomy":"post_tag","embeddable":true,"href":"https:\/\/www.europesays.com\/fr\/wp-json\/wp\/v2\/tags?post=161116"}],"curies":[{"name":"wp","href":"https:\/\/api.w.org\/{rel}","templated":true}]}}