{"id":161121,"date":"2025-06-08T14:52:11","date_gmt":"2025-06-08T14:52:11","guid":{"rendered":"https:\/\/www.europesays.com\/fr\/161121\/"},"modified":"2025-06-08T14:52:11","modified_gmt":"2025-06-08T14:52:11","slug":"des-avancees-notables-ont-ete-annoncees","status":"publish","type":"post","link":"https:\/\/www.europesays.com\/fr\/161121\/","title":{"rendered":"\u00ab\u00a0Des avanc\u00e9es notables ont \u00e9t\u00e9 annonc\u00e9es\u00a0\u00bb"},"content":{"rendered":"<p>Les 26 et 27\u00a0mai, une gr\u00e8ve de la Vie scolaire (CPE et assistants d\u2019\u00e9ducation) a \u00e9t\u00e9 organis\u00e9e au coll\u00e8ge Massenet-Fourneyron, avec le soutien de la CGT \u00c9duc\u2019action 42, rejointe par Sud \u00c9ducation 42 et la FNEC FP FO 42. Cette mobilisation a \u00e9t\u00e9 d\u00e9clench\u00e9e apr\u00e8s qu\u2019une assistante d\u2019\u00e9ducation a essuy\u00e9 des coups, le 15\u00a0juin, en prot\u00e9geant une \u00e9l\u00e8ve prise \u00e0 partie par d\u2019autres dans la cour de r\u00e9cr\u00e9ation.<\/p>\n<p><a href=\"https:\/\/www.leprogres.fr\/education\/2025\/06\/05\/nous-sommes-determines-la-vie-scolaire-du-college-massenet-fourneyron-ne-lache-pas\" target=\"_blank\" rel=\"noopener\">Ce mouvement visait \u00e0 d\u00e9noncer la d\u00e9gradation des conditions de travail<\/a> et \u00e0 porter les revendications concernant les moyens humains allou\u00e9s.<\/p>\n<p>Parmi elles, l\u2019obtention d\u2019un poste suppl\u00e9mentaire d\u2019AED (assistant d\u2019\u00e9ducation) \u00e0 temps plein, l\u2019ouverture d\u2019un deuxi\u00e8me poste de CPE \u00e0 temps plein et le classement de l\u2019\u00e9tablissement en REP +, afin de mieux refl\u00e9ter les r\u00e9alit\u00e9s sociales et \u00e9ducatives du terrain.<\/p>\n<p>  Une rencontre avec le directeur acad\u00e9mique<\/p>\n<p>Suite \u00e0 cette gr\u00e8ve, une audience a \u00e9t\u00e9 obtenue le jeudi 5\u00a0juin aupr\u00e8s de Thierry Dickel\u00e9, directeur acad\u00e9mique des services de l\u2019\u00c9ducation nationale de la Loire.<\/p>\n<p>Plus d\u2019une trentaine de personnes \u00e9taient \u00e9galement pr\u00e9sentes en soutien devant le b\u00e2timent de la DSDEN (Direction des services d\u00e9partementaux de l\u2019\u00e9ducation nationale) lors de cette audience.<\/p>\n<p>\u00ab\u00a0M\u00eame si certaines attentes importantes restent \u00e0 satisfaire, des avanc\u00e9es notables ont \u00e9t\u00e9 annonc\u00e9es, t\u00e9moignant d\u2019une prise en compte partielle de nos demandes\u00a0\u00bb, indiquent dans un communiqu\u00e9 Nadine Ferapie et Michel Nebout, co-secr\u00e9taires de la CGT Educ\u2019ation de la Loire.<\/p>\n<p>  \u00ab\u00a0Nous restons mobilis\u00e9s et vigilants\u00a0\u00bb<\/p>\n<p>Ainsi, l\u2019attribution d\u2019un mi-temps AED suppl\u00e9mentaire d\u00e8s la rentr\u00e9e de septembre\u00a02025 a \u00e9t\u00e9 confirm\u00e9e. \u00ab\u00a0La perspective d\u2019un compl\u00e9ment additionnel (un quart-temps ou un mi-temps AED) est annonc\u00e9e pour fin septembre\u00a02025. Concernant le poste de CPE, il nous a \u00e9t\u00e9 indiqu\u00e9 \u00e0 nouveau que la d\u00e9cision relevait du Rectorat. Nous comptons sur la DSDEN pour transmettre sans d\u00e9lai cette demande \u00e0 ce dernier, afin qu\u2019une r\u00e9ponse claire et concr\u00e8te soit apport\u00e9e par la rectrice \u00e0 cette revendication, indiquent les deux syndicalistes. Quant au classement en REP +, cette d\u00e9cision appartient au minist\u00e8re de l\u2019\u00c9ducation nationale. La carte actuelle des \u00e9tablissements REP et REP +, fond\u00e9e sur des donn\u00e9es de 2014, est manifestement obsol\u00e8te. Il est urgent qu\u2019elle soit actualis\u00e9e pour mieux prendre en compte les crit\u00e8res objectifs et les r\u00e9alit\u00e9s sociales des \u00e9tablissements comme le n\u00f4tre. Nous continuerons de porter cette revendication avec l\u2019appui de nos repr\u00e9sentants syndicaux au niveau national.\u00a0\u00bb<\/p>\n<p>\u00ab\u00a0Cette premi\u00e8re mobilisation a permis de faire entendre notre voix et de mettre en lumi\u00e8re les besoins urgents de notre \u00e9tablissement scolaire. Nous restons mobilis\u00e9s et vigilants quant au suivi qui sera donn\u00e9 \u00e0 ces demandes\u00a0\u00bb, concluent Nadine Ferapie et Michel Nebout.<\/p>\n","protected":false},"excerpt":{"rendered":"Les 26 et 27\u00a0mai, une gr\u00e8ve de la Vie scolaire (CPE et assistants d\u2019\u00e9ducation) a \u00e9t\u00e9 organis\u00e9e au&hellip;\n","protected":false},"author":2,"featured_media":161122,"comment_status":"","ping_status":"","sticky":false,"template":"","format":"standard","meta":{"footnotes":""},"categories":[9653],"tags":[1111,11,2430,12162,3599,9671,7539,1057,1777,674,1011,27,12161,12,25,4001,801],"class_list":{"0":"post-161121","1":"post","2":"type-post","3":"status-publish","4":"format-standard","5":"has-post-thumbnail","7":"category-saint-etienne","8":"tag-actu","9":"tag-actualites","10":"tag-auvergne-rhone-alpes","11":"tag-chambon-feugerolles-ville","12":"tag-college-lycee","13":"tag-conflit-social","14":"tag-edition-loire-sud","15":"tag-education","16":"tag-eu","17":"tag-europe","18":"tag-fr","19":"tag-france","20":"tag-le-chambon-feugerolles","21":"tag-news","22":"tag-republique-francaise","23":"tag-saint-etienne","24":"tag-social"},"share_on_mastodon":{"url":"https:\/\/pubeurope.com\/@fr\/114648314262691773","error":""},"_links":{"self":[{"href":"https:\/\/www.europesays.com\/fr\/wp-json\/wp\/v2\/posts\/161121","targetHints":{"allow":["GET"]}}],"collection":[{"href":"https:\/\/www.europesays.com\/fr\/wp-json\/wp\/v2\/posts"}],"about":[{"href":"https:\/\/www.europesays.com\/fr\/wp-json\/wp\/v2\/types\/post"}],"author":[{"embeddable":true,"href":"https:\/\/www.europesays.com\/fr\/wp-json\/wp\/v2\/users\/2"}],"replies":[{"embeddable":true,"href":"https:\/\/www.europesays.com\/fr\/wp-json\/wp\/v2\/comments?post=161121"}],"version-history":[{"count":0,"href":"https:\/\/www.europesays.com\/fr\/wp-json\/wp\/v2\/posts\/161121\/revisions"}],"wp:featuredmedia":[{"embeddable":true,"href":"https:\/\/www.europesays.com\/fr\/wp-json\/wp\/v2\/media\/161122"}],"wp:attachment":[{"href":"https:\/\/www.europesays.com\/fr\/wp-json\/wp\/v2\/media?parent=161121"}],"wp:term":[{"taxonomy":"category","embeddable":true,"href":"https:\/\/www.europesays.com\/fr\/wp-json\/wp\/v2\/categories?post=161121"},{"taxonomy":"post_tag","embeddable":true,"href":"https:\/\/www.europesays.com\/fr\/wp-json\/wp\/v2\/tags?post=161121"}],"curies":[{"name":"wp","href":"https:\/\/api.w.org\/{rel}","templated":true}]}}