{"id":161125,"date":"2025-06-08T14:54:15","date_gmt":"2025-06-08T14:54:15","guid":{"rendered":"https:\/\/www.europesays.com\/fr\/161125\/"},"modified":"2025-06-08T14:54:15","modified_gmt":"2025-06-08T14:54:15","slug":"meurthe-et-moselle-le-pronostic-vital-est-engage-pour-la-septuagenaire-percutee-sur-le-passage-pieton-a-tomblaine","status":"publish","type":"post","link":"https:\/\/www.europesays.com\/fr\/161125\/","title":{"rendered":"Meurthe-et-Moselle. Le pronostic vital est engag\u00e9 pour la septuag\u00e9naire percut\u00e9e sur le passage pi\u00e9ton \u00e0 Tomblaine"},"content":{"rendered":"<p>Un accident de la circulation est survenu samedi 7\u00a0juin, vers 18\u00a0h\u00a045 \u00e0 Tomblaine. La victime \u00e9tait engag\u00e9e sur l\u2019un des passages pi\u00e9tons situ\u00e9s rue Eug\u00e8ne-Pottier, entre les ronds-points des enseignes Auchan et Aldi, quand elle a \u00e9t\u00e9 percut\u00e9e par un automobiliste.<\/p>\n<p>Gri\u00e8vement bless\u00e9e, la victime \u00e2g\u00e9e de 71 ans a \u00e9t\u00e9 secourue par les pompiers et le Smur puis transport\u00e9e vers les urgences de l\u2019H\u00f4pital central de Nancy avec un pronostic vital engag\u00e9. En \u00e9tat de choc, le conducteur du v\u00e9hicule, un homme \u00e2g\u00e9 de 51 ans, a lui aussi \u00e9t\u00e9 \u00e9vacu\u00e9 vers l\u2019h\u00f4pital.<\/p>\n<p>Les d\u00e9pistages alcool et stup\u00e9fiants se sont r\u00e9v\u00e9l\u00e9s n\u00e9gatifs. Le quinquag\u00e9naire devait \u00eatre entendu sur les circonstances de cette collision au sortir de sa br\u00e8ve hospitalisation. Une enqu\u00eate de police a \u00e9t\u00e9 ouverte.<\/p>\n","protected":false},"excerpt":{"rendered":"Un accident de la circulation est survenu samedi 7\u00a0juin, vers 18\u00a0h\u00a045 \u00e0 Tomblaine. La victime \u00e9tait engag\u00e9e sur&hellip;\n","protected":false},"author":2,"featured_media":161126,"comment_status":"","ping_status":"","sticky":false,"template":"","format":"standard","meta":{"footnotes":""},"categories":[9635],"tags":[119,1111,11,1704,1777,674,274,1011,27,775,11260,3457,1702,12,25,11703],"class_list":{"0":"post-161125","1":"post","2":"type-post","3":"status-publish","4":"format-standard","5":"has-post-thumbnail","7":"category-nancy","8":"tag-accident","9":"tag-actu","10":"tag-actualites","11":"tag-edition-nancy-et-agglomeration","12":"tag-eu","13":"tag-europe","14":"tag-faits-divers-justice","15":"tag-fr","16":"tag-france","17":"tag-grand-est","18":"tag-metropole-du-grand-nancy-54b4","19":"tag-meurthe-et-moselle","20":"tag-nancy","21":"tag-news","22":"tag-republique-francaise","23":"tag-tomblaine"},"share_on_mastodon":{"url":"https:\/\/pubeurope.com\/@fr\/114648322128665127","error":""},"_links":{"self":[{"href":"https:\/\/www.europesays.com\/fr\/wp-json\/wp\/v2\/posts\/161125","targetHints":{"allow":["GET"]}}],"collection":[{"href":"https:\/\/www.europesays.com\/fr\/wp-json\/wp\/v2\/posts"}],"about":[{"href":"https:\/\/www.europesays.com\/fr\/wp-json\/wp\/v2\/types\/post"}],"author":[{"embeddable":true,"href":"https:\/\/www.europesays.com\/fr\/wp-json\/wp\/v2\/users\/2"}],"replies":[{"embeddable":true,"href":"https:\/\/www.europesays.com\/fr\/wp-json\/wp\/v2\/comments?post=161125"}],"version-history":[{"count":0,"href":"https:\/\/www.europesays.com\/fr\/wp-json\/wp\/v2\/posts\/161125\/revisions"}],"wp:featuredmedia":[{"embeddable":true,"href":"https:\/\/www.europesays.com\/fr\/wp-json\/wp\/v2\/media\/161126"}],"wp:attachment":[{"href":"https:\/\/www.europesays.com\/fr\/wp-json\/wp\/v2\/media?parent=161125"}],"wp:term":[{"taxonomy":"category","embeddable":true,"href":"https:\/\/www.europesays.com\/fr\/wp-json\/wp\/v2\/categories?post=161125"},{"taxonomy":"post_tag","embeddable":true,"href":"https:\/\/www.europesays.com\/fr\/wp-json\/wp\/v2\/tags?post=161125"}],"curies":[{"name":"wp","href":"https:\/\/api.w.org\/{rel}","templated":true}]}}