{"id":161133,"date":"2025-06-08T14:58:14","date_gmt":"2025-06-08T14:58:14","guid":{"rendered":"https:\/\/www.europesays.com\/fr\/161133\/"},"modified":"2025-06-08T14:58:14","modified_gmt":"2025-06-08T14:58:14","slug":"nouvelle-lexus-es-ou-le-regne-annonce-de-la-berline-100-electrique","status":"publish","type":"post","link":"https:\/\/www.europesays.com\/fr\/161133\/","title":{"rendered":"nouvelle Lexus ES, ou le r\u00e8gne annonc\u00e9 de la berline 100% \u00e9lectrique"},"content":{"rendered":"<p>            Par<br \/>\n        <strong><br \/>\n            <a href=\"https:\/\/actu.fr\/auteur\/g-martin\" title=\"Consulter tous les articles de Gil Martin\" rel=\"nofollow noopener\" target=\"_blank\">Gil Martin<\/a><br \/>\n        <\/strong><\/p>\n<p>        Publi\u00e9 le<\/p>\n<p>            8 juin 2025 \u00e0 15h52        <\/p>\n<p>La <strong>Lexus E<\/strong>S est une saga \u00e0 elle-seule puisque la berline de la <strong>marque de luxe<\/strong> du groupe Toyota revient sur le march\u00e9 pour sa 8\u00e8me version. Avec cette fois une \u00e9volution majeure\u00a0: l\u2019ES passe au <strong>100% \u00e9lectrique<\/strong>, en deux versions (224 et 343 chevaux) aussi \u00e9lectrifiantes l\u2019une que l\u2019autre. Les deux mod\u00e8les s\u2019av\u00e8rent performants sur la route (puissance, autonomie, agilit\u00e9) et profitent \u00e9galement d\u2019un tr\u00e8s beau relookage et d\u2019un habitacle enti\u00e8rement repens\u00e9 beaucoup plus cosy, sobre et \u00e9l\u00e9gant.<\/p>\n<p>Une vaisseau amiral<\/p>\n<p class=\" wall-content\">Mais ce qui retient avant tout l\u2019attention, <strong>c\u2019est le gabarit de la berline<\/strong> : le nouveau vaisseau amiral de Lexus affiche une belle longueur de 5,14 m (soit 100 mm de moins que la limousine LS mais tout de m\u00eame 165 mm de plus que l\u2019ES actuelle), 1,92 m\u00e8tre de largeur et 1,56 m\u00e8tre de hauteur. De quoi offrir aux passagers <strong>un espace int\u00e9rieur royal<\/strong>, avec des places arri\u00e8re plus que confortables.<\/p>\n<blockquote class=\"ac-article-quote wall-content\">\n<p>\u00ab\u00a0Esth\u00e9tiquement, la nouvelle ES ne cache pas ses origines\u00a0: elle s\u2019inspire du concept LF-ZC, entre berline et ligne sportive\u00a0\u00bb<\/p>\n<p>    <strong\/>\n            <\/p><\/blockquote>\n<p class=\" wall-content\">Pour animer la bestiole, il faut du costaud\u00a0: la nouvelle ES est donc \u00e9quip\u00e9e <strong>de motorisations puissantes<\/strong> : 224 ch pour l\u2019ES 350e traction et 343 ch pour l\u2019ES 500e \u00e0 transmission int\u00e9grale. La version hybride, qui arrivera plus tard, sera dot\u00e9e selon le constructeur d\u2019un moteur 4 cylindres 2,5 litres de 201 ch\u2026 On note que la version 350e est dot\u00e9 d\u2019un seul moteur alors que sa grande s\u0153ur, l\u2019ES 500e, en r\u00e9cup\u00e8re deux, une configuration pour celles et ceux qui recherchent des sensations plus fortes.<\/p>\n<p>    <img   decoding=\"async\" loading=\"lazy\" src=\"https:\/\/www.europesays.com\/fr\/wp-content\/uploads\/2025\/06\/photo-lexus-es-profil-960x640.jpg\" alt=\"Le nouveau vaisseau de Lexus affiche une belle longueur de 5,14 m et 1,56 m de hauteur. \" width=\"960\" height=\"640\"\/><br \/>\n    Le nouveau vaisseau de Lexus affiche une belle longueur de 5,14 m et 1,56 m de hauteur. (\u00a9Lexus)Vid\u00e9os : en ce moment sur Actu<\/p>\n<p><strong>Le petit +\u00a0<\/strong>: la 500e est \u00e9quip\u00e9e d\u2019une innovation, la transmission int\u00e9grale intelligente DIRECT4 qui garantit une meilleure motricit\u00e9 et un comportement routier plus pr\u00e9cis.<\/p>\n<p>Une berline assez sportive<\/p>\n<p class=\" wall-content\">Mais les deux versions s\u2019av\u00e8rent <strong>performantes au niveau de l\u2019autonomie<\/strong> avec avantage \u00e0 la 350e qui atteint les 550 km d\u2019autonomie en cycle WLTP alors que sa grande s\u0153ur, plus puissante, reste \u00ab bloqu\u00e9e \u00bb \u00e0 500 km\u2026 cette autonomie g\u00e9n\u00e9reuse ne nuit pas <strong>au caract\u00e8re assez sportif<\/strong> des deux Lexus ES puisque la 350e abat de mani\u00e8re honorable le 0 \u00e0 100 km\/h en 8,2 secondes alors qu\u2019il ne faut que 5,9 secondes \u00e0 la 500e.<\/p>\n<p>    <a href=\"https:\/\/www.google.com\/maps\/embed?pb=!1m18!1m12!1m3!1d92442.52677621423!2d3.7915964031085063!3d43.61010273183206!2m3!1f0!2f0!3f0!3m2!1i1024!2i768!4f13.1!3m3!1m2!1s0x12b6af0725dd9db1%3A0xad8756742894e802!2sMontpellier!5e0!3m2!1sfr!2sfr!4v1748918069977!5m2!1sfr!2sfr\" title=\"Ouvrie le lien\" rel=\"nofollow noopener\" target=\"_blank\">Cliquez ici pour visualiser le contenu<\/a><\/p>\n<p>Une voiture tr\u00e8s bien dessin\u00e9e<\/p>\n<p class=\" wall-content\">Esth\u00e9tiquement, la nouvelle ES ne cache pas ses origines\u00a0: <strong>elle s\u2019inspire du concept LF-ZC<\/strong>, entre berline et ligne sportive, et reprend et pousse m\u00eame \u00e0 l\u2019extr\u00eame les codes stylistiques des v\u00e9hicules \u00e9lectriques. Lexus se permet au passage un peu d\u2019impertinence, bousculant les codes dans les codes\u00a0: sur ce tr\u00e8s beau mod\u00e8le, <strong>la traditionnelle calandre trap\u00e9zo\u00efdale des Lexus disparait<\/strong> au profit d\u2019un bouclier plus \u00e9pur\u00e9 qui garde quand m\u00eame l\u2019empreinte de la calandre.<\/p>\n<p>    <img   decoding=\"async\" loading=\"lazy\" src=\"https:\/\/www.europesays.com\/fr\/wp-content\/uploads\/2025\/06\/photo-lexus-es-profil-arriere-960x640.jpg\" alt=\"Deux motorisations puissantes pour la nouvelle ES : 224 ch pour l\u2019ES 350e et 343 ch pour l\u2019ES 500e \" width=\"960\" height=\"640\"\/><br \/>\n    Deux motorisations puissantes pour la nouvelle ES : 224 ch pour l\u2019ES 350e et 343 ch pour l\u2019ES 500e (\u00a9Lexus)<\/p>\n<blockquote class=\"ac-article-quote wall-content\">\n<p>\u00ab\u00a0Une suspension adaptative innovante qui s&rsquo;adapte en temps r\u00e9el \u00e0 la route pour le meilleur \u00e9quilibre confort-motricit\u00e9\u00a0\u00bb <\/p>\n<p>    <strong\/>\n            <\/p><\/blockquote>\n<p class=\" wall-content\">La berline adopte des projecteurs LED fins, ac\u00e9r\u00e9s, soulignant le capot l\u00e9g\u00e8rement plongeant, tandis que <strong>l\u2019arriv\u00e9e de gros extracteurs d\u2019air lat\u00e9raux<\/strong> qui courent sur les porti\u00e8res affermissent le caract\u00e8re de la voiture. A l\u2019arri\u00e8re, on appr\u00e9cie l\u2019esth\u00e9tique du <strong>fin bandeau lumineux<\/strong> qui traverse la malle de coffre, surlignant le becquet et<strong> la ligne tr\u00e8s tranch\u00e9e<\/strong> de l\u2019ES qui prend des airs de coup\u00e9.<\/p>\n<p>Luxe, calme et volupt\u00e9<\/p>\n<p class=\" wall-content\">A l\u2019int\u00e9rieur, que dire, si ce n\u2019est que la nouvelle ES bat des records. <strong>L\u2019habitacle est spacieux<\/strong>, tr\u00e8s bien con\u00e7u, les finitions impeccables. Les si\u00e8ges sont tr\u00e8s confortables, la qualit\u00e9 audio parfaite gr\u00e2ce au syst\u00e8me sign\u00e9 Mark Levinson, et la planche de bord est presque enti\u00e8rement digitalis\u00e9e, avec <strong>un magnifique combin\u00e9 d\u2019instruments<\/strong> enti\u00e8rement num\u00e9ris\u00e9s de 12,3 pouces pour le conducteur, et <strong>un grand \u00e9cran central de 14 pouces<\/strong> d\u00e9di\u00e9 au syst\u00e8me multim\u00e9dia.<\/p>\n<p>    <img   decoding=\"async\" loading=\"lazy\" src=\"https:\/\/www.europesays.com\/fr\/wp-content\/uploads\/2025\/06\/photo-lexus-es-interieur-960x640.jpg\" alt=\"La planche de bord est presque enti\u00e8rement digitalis\u00e9e, avec un magnifique combin\u00e9 d\u2019instruments enti\u00e8rement num\u00e9ris\u00e9s de 12,3 pouces pour le conducteur, et un grands \u00e9crans central de 14 pouces d\u00e9di\u00e9 au syst\u00e8me multim\u00e9dia\" width=\"960\" height=\"640\"\/><br \/>\n    La planche de bord est presque enti\u00e8rement digitalis\u00e9e, avec un magnifique combin\u00e9 d\u2019instruments enti\u00e8rement num\u00e9ris\u00e9s de 12,3 pouces pour le conducteur, et un grands \u00e9crans central de 14 pouces d\u00e9di\u00e9 au syst\u00e8me multim\u00e9dia (\u00a9Lexus)<\/p>\n<p><strong>Le petit +<\/strong> : l\u2019innovation Sensory Concierge, un syst\u00e8me permettant de personnaliser l\u2019ambiance \u00e0 bord.<\/p>\n<p class=\" wall-content\">On appr\u00e9cie dans cette <strong>ambiance sobre, \u00e9l\u00e9gante et moderne<\/strong> une autre id\u00e9e g\u00e9niale de Lexus : le \u00ab\u00a0Responsive Hidden Switches\u00a0\u00bb, c\u2019est-\u00e0-dire le choix gagnant de laisser <strong>des commandes physiques<\/strong> discr\u00e8tement ins\u00e9r\u00e9es dans l\u2019habitacle pour conserver une ergonomie traditionnelle. A la fois vintage, ludique et tr\u00e8s pratique.<\/p>\n<p>Un nouveau ch\u00e2ssis intelligent<\/p>\n<p class=\" wall-content\">Enfin, pr\u00e9cisons que la nouvelle ES b\u00e9n\u00e9ficie <strong>d\u2019un nouveau ch\u00e2ssis<\/strong> tr\u00e8s abouti d\u00e9velopp\u00e9 sp\u00e9cifiquement par la marque, avec une <strong>suspension adaptative<\/strong> \u00e0 \u00e9lectrovanne lin\u00e9aire\u2026 Sous cette appellation compliqu\u00e9e se trouve une autre innovation : ce syst\u00e8me analyse en continu les conditions de route <strong>et ajuste en temps r\u00e9el<\/strong> plusieurs param\u00e8tres vitaux comme la fermet\u00e9 de l\u2019amortissement afin de proposer le meilleur \u00e9quilibre possible entre confort et tenue de route.<\/p>\n<p class=\" wall-content\">Au final, la nouvelle Lexus, <strong>qui doit arriver sur le march\u00e9 europ\u00e9en au printemps 2026<\/strong>, semble partie pour s\u00e9duire un grand nombre de futurs adeptes \u00e0 la recherche d\u2019un beau v\u00e9hicule familial premium, confortable et tr\u00e8s fiable, non-polluant et capable de voyager. \u00a0<\/p>\n<p>Lexus ES 100% \u00e9lectrique : les performances<\/p>\n<p>Dimensions\u00a0: 5,14 m (L) et 1,56 m (h)<br \/>ES 350e\u00a0traction\u00a0:<br \/>Un moteur \u00e9lectrique, puissance\u00a0de 224 ch<br \/>De 0 \u00e0 10 km\/h\u00a0: 8,2 s<br \/>Batterie de 77 kWh<br \/>Autonomie\u00a0:550 km (cycle WLTP)<br \/>Recharge\u00a0: de 10 \u00e0 80 % de batterie en 30 mn (sur borne 150 kW)<br \/>Coffre\u00a0: 494 litres\u00a0<br \/>ES 500e :<br \/>deux moteurs \u00e9lectriques, puissance de 343 ch<br \/>De 0 \u00e0 100 km\/h en 5,6 s<br \/>Batterie de 77 kWh<br \/>Autonomie\u00a0: 500 km (cycle WLTP)<br \/>Recharge\u00a0: de 10 \u00e0 80 % de batterie en 30 mn (sur borne 150 kW)<br \/>Coffre\u00a0: 494 litres\u00a0<br \/>Tarifs : pas encore annonc\u00e9s, mais sans doute \u00e0 partir de 60 000 \u20ac.<\/p>\n<p class=\" wall-content\">.<\/p>\n<p class=\" wall-content\">Suivez toute l\u2019actualit\u00e9 de vos villes et m\u00e9dias favoris en vous inscrivant \u00e0 <a href=\"https:\/\/moncompte.actu.fr\" title=\"D\u00e9couvez Mon Actu\" rel=\"nofollow noopener\" data-trk=\"{&quot;cta&quot;:{&quot;action&quot;:&quot;https:\\\/\\\/moncompte.actu.fr&quot;,&quot;category&quot;:&quot;mon compte&quot;,&quot;from&quot;:&quot;article footer&quot;,&quot;name&quot;:&quot;Mon actu&quot;,&quot;type&quot;:&quot;cta&quot;}}\" target=\"_blank\">Mon Actu<\/a>.<\/p>\n","protected":false},"excerpt":{"rendered":"Par Gil Martin Publi\u00e9 le 8 juin 2025 \u00e0 15h52 La Lexus ES est une saga \u00e0 elle-seule&hellip;\n","protected":false},"author":2,"featured_media":161134,"comment_status":"","ping_status":"","sticky":false,"template":"","format":"standard","meta":{"footnotes":""},"categories":[9599],"tags":[1111,11,1777,674,1011,27,1305,2208,12,2680,25],"class_list":{"0":"post-161133","1":"post","2":"type-post","3":"status-publish","4":"format-standard","5":"has-post-thumbnail","7":"category-montpellier","8":"tag-actu","9":"tag-actualites","10":"tag-eu","11":"tag-europe","12":"tag-fr","13":"tag-france","14":"tag-lifestyle","15":"tag-montpellier","16":"tag-news","17":"tag-occitanie","18":"tag-republique-francaise"},"share_on_mastodon":{"url":"","error":""},"_links":{"self":[{"href":"https:\/\/www.europesays.com\/fr\/wp-json\/wp\/v2\/posts\/161133","targetHints":{"allow":["GET"]}}],"collection":[{"href":"https:\/\/www.europesays.com\/fr\/wp-json\/wp\/v2\/posts"}],"about":[{"href":"https:\/\/www.europesays.com\/fr\/wp-json\/wp\/v2\/types\/post"}],"author":[{"embeddable":true,"href":"https:\/\/www.europesays.com\/fr\/wp-json\/wp\/v2\/users\/2"}],"replies":[{"embeddable":true,"href":"https:\/\/www.europesays.com\/fr\/wp-json\/wp\/v2\/comments?post=161133"}],"version-history":[{"count":0,"href":"https:\/\/www.europesays.com\/fr\/wp-json\/wp\/v2\/posts\/161133\/revisions"}],"wp:featuredmedia":[{"embeddable":true,"href":"https:\/\/www.europesays.com\/fr\/wp-json\/wp\/v2\/media\/161134"}],"wp:attachment":[{"href":"https:\/\/www.europesays.com\/fr\/wp-json\/wp\/v2\/media?parent=161133"}],"wp:term":[{"taxonomy":"category","embeddable":true,"href":"https:\/\/www.europesays.com\/fr\/wp-json\/wp\/v2\/categories?post=161133"},{"taxonomy":"post_tag","embeddable":true,"href":"https:\/\/www.europesays.com\/fr\/wp-json\/wp\/v2\/tags?post=161133"}],"curies":[{"name":"wp","href":"https:\/\/api.w.org\/{rel}","templated":true}]}}