{"id":161143,"date":"2025-06-08T15:04:09","date_gmt":"2025-06-08T15:04:09","guid":{"rendered":"https:\/\/www.europesays.com\/fr\/161143\/"},"modified":"2025-06-08T15:04:09","modified_gmt":"2025-06-08T15:04:09","slug":"un-concept-inedit-debarque-pour-les-chiens-et-leurs-proprietaires","status":"publish","type":"post","link":"https:\/\/www.europesays.com\/fr\/161143\/","title":{"rendered":"un concept in\u00e9dit d\u00e9barque pour les chiens et leurs propri\u00e9taires"},"content":{"rendered":"<p>            Par<br \/>\n        <strong><br \/>\n            <a href=\"https:\/\/actu.fr\/auteur\/clemence-pays02-actu-fr\" title=\"Consulter tous les articles de Cl\u00e9mence Pays\" target=\"_blank\" rel=\"noopener\">Cl\u00e9mence Pays<\/a><br \/>\n        <\/strong><\/p>\n<p>        Publi\u00e9 le<\/p>\n<p>            8 juin 2025 \u00e0 16h18        <\/p>\n<p>Les chiens pourront bient\u00f4t <strong>boire un clebs latte,<\/strong> pendant que leurs humains se d\u00e9lecteront d\u2019un caf\u00e9. \u00c0 <a href=\"https:\/\/actu.fr\/rennes\/\" target=\"_blank\" rel=\"noopener\">Rennes<\/a>, Alice Talaga s\u2019appr\u00eate \u00e0 ouvrir <strong>Clebs,<\/strong> un <strong>concept store canin,<\/strong> unique dans la capitale bretonne, d\u00e9di\u00e9 au <strong>bien-\u00eatre des toutous.<\/strong> Lieu de rencontre, boutique, toiletteur, ateliers\u2026 actu Rennes vous fait d\u00e9couvrir ce <strong>nouveau commerce<\/strong> qui accueillera ses premiers clients dans quelques mois.<\/p>\n<p>Un lieu, trois espaces<\/p>\n<p class=\" wall-content\">Dans son magasin, Alice Talaga veut offrir \u00ab\u2009plusieurs propositions dans un m\u00eame lieu\u2009\u00bb. L\u2019activit\u00e9 principale sera d\u00e9di\u00e9e \u00e0 <strong>l\u2019espace boutique.<\/strong> Des <strong>accessoires du quotidien<\/strong> y seront vendus. \u00ab\u2009Je n\u2019ai pas envie de proposer des v\u00eatements qui ne servent \u00e0 rien, par exemple\u2009\u00bb, annonce la Rennaise qui pr\u00e9f\u00e8re se concentrer sur des colliers, des harnais et des laisses<strong> \u00ab\u2009ergonomiques, mais jolis\u2009\u00bb.<\/strong><\/p>\n<p class=\" wall-content\">Des articles dits de <strong>mastication<\/strong> \u00ab\u2009pour le bien-\u00eatre des dents et du mental\u2009\u00bb des chiens seront \u00e9galement en rayon. Tout comme des <strong>friandises.<\/strong><\/p>\n<p class=\" wall-content\">L\u00e0 encore, l\u2019entrepreneuse souhaite <strong>se d\u00e9marquer des grandes enseignes<\/strong> sp\u00e9cialis\u00e9es en animalerie. \u00ab\u2009Je veux proposer des <strong>marques plus petites et exclusives<\/strong> avec des produits qui me plaisent.\u2009\u00bb \u00c0 cet espace s\u2019ajoutera un caf\u00e9.<\/p>\n<blockquote class=\"ac-article-quote wall-content\">\n<p>Je veux que ce soit un lieu de rencontre, avec des friandises et des boissons \u00e0 emporter. <\/p>\n<p>    <strong>Alice Talaga<\/strong><br \/>\n        Fondatrice de Clebs    <\/p><\/blockquote>\n<p class=\" wall-content\">Des<strong> ateliers avec des professionnels du monde canin<\/strong> y seront organis\u00e9s ponctuellement. \u00ab\u2009Il y aura des \u00e9ducateurs, des toiletteurs, des ost\u00e9os\u2026 Le but sera de r\u00e9gler une probl\u00e9matique, de sensibiliser et d\u2019\u00e9duquer pour mieux vivre avec son chien\u2009\u00bb, d\u00e9taille Alice Talaga.<\/p>\n<p class=\" wall-content\">En parall\u00e8le, Clebs sera dot\u00e9 d\u2019un v\u00e9ritable <strong>espace de toilettage.<\/strong> Ce dog wash permettra aux propri\u00e9taires de chiens de venir <strong>laver, en libre-service,<\/strong> leur compagnon \u00e0 quatre pattes. \u00ab\u2009Il y aura \u00e0 disposition du shampoing, des soins et un pulseur pour le s\u00e9chage.\u2009\u00bb<\/p>\n<p class=\" wall-content\">En bref, tout le mat\u00e9riel n\u00e9cessaire pour prendre soin de l\u2019hygi\u00e8ne des canid\u00e9s. Et si dans un premier temps, les ma\u00eetres devront r\u00e9aliser eux-m\u00eames le toilettage, Alice Talaga souhaite installer un <strong>toiletteur professionnel.<\/strong> \u00ab\u2009D\u2019ailleurs je cherche quelqu\u2019un\u2009\u00bb, lance la jeune femme.<\/p>\n<p>Une reconversion professionnelle<\/p>\n<p class=\" wall-content\">Le projet de Clebs est arriv\u00e9 en fin d\u2019ann\u00e9e 2023. \u00ab\u2009Quand<strong> j\u2019ai chang\u00e9 d\u2019entreprise.<\/strong> J\u2019ai eu un peu plus de libert\u00e9 avec le t\u00e9l\u00e9travail et plus de temps pour moi\u2009\u00bb, retrace Alice Talaga. Au m\u00eame moment, la Rennaise rencontre une personne qui avait lanc\u00e9 ce type de concept \u00e0 Bordeaux.<\/p>\n<blockquote class=\"ac-article-quote wall-content\">\n<p>\u00c7a n&rsquo;existe pas \u00e0 Rennes. Je me suis dit pourquoi pas moi ?<\/p>\n<p>    <strong>Alice Talaga<\/strong><br \/>\n        Fondatrice de Clebs    <\/p><\/blockquote>\n<p class=\" wall-content\">Au cours de sa carri\u00e8re dans le marketing digital, Alice Talaga a d\u00e9velopp\u00e9 des comp\u00e9tences \u00ab\u2009pluridisciplinaires\u2009\u00bb et manag\u00e9 des \u00e9quipes. \u00ab\u2009J\u2019ai un profil qui aime bouger et entreprendre au sens large.\u2009\u00bb<\/p>\n<p class=\" wall-content\">Sans compter qu\u2019elle a toujours <strong>grandi autour d\u2019animaux<\/strong> et r\u00eav\u00e9e d\u2019avoir un chien (un souhait r\u00e9alis\u00e9 avec l\u2019arriv\u00e9e de <strong>Billie<\/strong> dans sa vie, jeune cocker). Alors elle d\u00e9cide de se lancer et de quitter son poste en CDI en avril\u00a02025.<\/p>\n<p class=\" wall-content\">\u00ab\u2009J\u2019ai pu b\u00e9n\u00e9ficier d\u2019une rupture conventionnelle collective. <strong>Les \u00e9toiles se sont align\u00e9es,<\/strong> \u00e7a m\u2019a permis d\u2019avoir une aide pour lancer mon commerce\u2009\u00bb, sourit l\u2019entrepreneuse.<\/p>\n<p>    <img   decoding=\"async\" loading=\"lazy\" src=\"https:\/\/www.europesays.com\/fr\/wp-content\/uploads\/2025\/06\/1-clebs-rennes-rue-paul-bert-concept-store-canin-commerce-boutique-960x640.jpeg\" alt=\"Le concept store Clebs va s'installer \u00e0 la place d'une salle de sport, au 26 rue Paul-Bert \u00e0 Rennes.\" width=\"960\" height=\"640\"\/><br \/>\n    Le concept store Clebs va s\u2019installer \u00e0 la place d\u2019une salle de sport, au 26 rue Paul-Bert \u00e0 Rennes. (\u00a9Cl\u00e9mence Pays\/actu Rennes)<\/p>\n<p class=\" wall-content\">Celle-ci int\u00e8gre le Pass cr\u00e9ation propos\u00e9 par la R\u00e9gion Bretagne et passe devant le jury de France Active pour lui permettre de <strong>b\u00e9n\u00e9ficier d\u2019un accompagnement,<\/strong> mais aussi de garanties financi\u00e8res. Un plus pour obtenir un pr\u00eat aupr\u00e8s des banques.<\/p>\n<p>Une cagnotte ouverte en ligne<\/p>\n<p class=\" wall-content\">\u00ab\u2009Il me manquait juste un local\u2009\u00bb, raconte Alice talaga. C\u2019est d\u00e9sormais chose faite puisque Clebs va s\u2019installer au <strong>26 rue Paul-Bert,<\/strong> local un temps occup\u00e9 par le salon de tatouage Atelier noir, puis par <a href=\"https:\/\/actu.fr\/bretagne\/rennes_35238\/nouveau-a-rennes-on-a-teste-une-seance-d-electrostimulation-equivalent-a-4h-de-sport_60419529.html\" target=\"_blank\" rel=\"noopener\">le Studio Emi sp\u00e9cialis\u00e9 dans l\u2019\u00e9lectrostimulation<\/a>.<\/p>\n<p class=\" wall-content\"><a href=\"https:\/\/www.instagram.com\/p\/DKZyMImMUjj\/embed\" title=\"Ouvrir le lien sur Instagram\" target=\"_blank\" rel=\"noopener\">Visualiser le contenu sur Instagram<\/a><\/p>\n<p class=\" wall-content\">\u00abIl y a <strong>beaucoup de travaux<\/strong> \u00e0 faire. J\u2019ai d\u00e9moli pas mal de choses\u2009\u00bb, d\u00e9voile Alice Talaga qui souhaite faire de ce local \u00ab\u2009un v\u00e9ritable point de vente, avec de beaux \u00e9clairages, un sol unifi\u00e9\u2026\u2009\u00bb<\/p>\n<blockquote class=\"ac-article-quote wall-content\">\n<p>Je n&rsquo;ai pas encore de date pr\u00e9cise pour l&rsquo;ouverture. J&rsquo;aimerais ouvrir durant la premi\u00e8re quinzaine de septembre, mais avec les travaux, il y a toujours un peu de myst\u00e8re&#8230;<\/p>\n<p>    <strong>Alice Talaga<\/strong><br \/>\n        Fondatrice de Clebs    <\/p><\/blockquote>\n<p class=\" wall-content\">Une chose est s\u00fbre, quand Clebs sera pr\u00eat, Alice Talaga compte bien inaugurer son commerce avec \u00ab\u2009[son] entourage et les contributeurs Ulule\u2009\u00bb. En effet, la jeune femme a lanc\u00e9 <a href=\"https:\/\/fr.ulule.com\/clebs-concept-store\/?fbclid=PAZXh0bgNhZW0CMTEAAacAwiV-sv0imIm5twoU9k3S8m2XlKPHTFJ5-3pR4EigqHEq4Wa-wAmfJFbhIA_aem_xQFUX70T9aPxK8-OUSbsNg\" target=\"_blank\" rel=\"noopener\">une cagnotte en ligne<\/a> pour obtenir \u00ab\u2009un <strong>petit matelas suppl\u00e9mentaire<\/strong> pour [se] lancer dans les meilleures conditions possibles\u2009\u00bb.<\/p>\n<p class=\" wall-content\">Pour les travaux, la jeune femme a contract\u00e9 un pr\u00eat. Avec l\u2019argent de la cagnotte, elle souhaite <strong>se constituer une tr\u00e9sorerie<\/strong> \u00ab\u2009pour ne pas [se] retrouver trop vite dans la panade\u2009\u00bb, explique celle qui se dit \u00ab\u2009tr\u00e8s au courant du contexte actuel\u2009\u00bb.<\/p>\n<p class=\" wall-content\">Concr\u00e8tement, \u00ab\u2009je veux d\u00e9risquer au maximum. Et puis le but, c\u2019est que les contributeurs deviennent <strong>mes premiers clients<\/strong> puisqu\u2019ils b\u00e9n\u00e9ficieront de bons d\u2019achat\u2009\u00bb.<\/p>\n<p class=\" wall-content\">\u00c0 terme, Alice Talaga compte \u00e9galement lancer son <strong>e-commerce,<\/strong> \u00ab\u2009en ann\u00e9e 2\u2009\u00bb. \u00ab\u2009J\u2019esp\u00e8re aussi pouvoir prendre un stagiaire ou un alternant plus tard.\u2009\u00bb<\/p>\n<p>Clebs, 26 rue Paul-Bert \u00e0 Rennes. Ouverture en septembre\u00a02025.<\/p>\n<p class=\" wall-content\">Suivez toute l\u2019actualit\u00e9 de vos villes et m\u00e9dias favoris en vous inscrivant \u00e0 <a href=\"https:\/\/moncompte.actu.fr\" title=\"D\u00e9couvez Mon Actu\" rel=\"nofollow noopener\" data-trk=\"{&quot;cta&quot;:{&quot;action&quot;:&quot;https:\\\/\\\/moncompte.actu.fr&quot;,&quot;category&quot;:&quot;mon compte&quot;,&quot;from&quot;:&quot;article footer&quot;,&quot;name&quot;:&quot;Mon actu&quot;,&quot;type&quot;:&quot;cta&quot;}}\" target=\"_blank\">Mon Actu<\/a>.<\/p>\n<p>                    <script async src=\"\/\/www.instagram.com\/embed.js\"><\/script><\/p>\n","protected":false},"excerpt":{"rendered":"Par Cl\u00e9mence Pays Publi\u00e9 le 8 juin 2025 \u00e0 16h18 Les chiens pourront bient\u00f4t boire un clebs latte,&hellip;\n","protected":false},"author":2,"featured_media":161144,"comment_status":"","ping_status":"","sticky":false,"template":"","format":"standard","meta":{"footnotes":""},"categories":[2821],"tags":[1111,11,1867,829,4850,215,33,1777,674,1011,27,12,584,25],"class_list":{"0":"post-161143","1":"post","2":"type-post","3":"status-publish","4":"format-standard","5":"has-post-thumbnail","7":"category-rennes","8":"tag-actu","9":"tag-actualites","10":"tag-animaux","11":"tag-bretagne","12":"tag-chien","13":"tag-commerce","14":"tag-economie","15":"tag-eu","16":"tag-europe","17":"tag-fr","18":"tag-france","19":"tag-news","20":"tag-rennes","21":"tag-republique-francaise"},"share_on_mastodon":{"url":"https:\/\/pubeurope.com\/@fr\/114648362350119013","error":""},"_links":{"self":[{"href":"https:\/\/www.europesays.com\/fr\/wp-json\/wp\/v2\/posts\/161143","targetHints":{"allow":["GET"]}}],"collection":[{"href":"https:\/\/www.europesays.com\/fr\/wp-json\/wp\/v2\/posts"}],"about":[{"href":"https:\/\/www.europesays.com\/fr\/wp-json\/wp\/v2\/types\/post"}],"author":[{"embeddable":true,"href":"https:\/\/www.europesays.com\/fr\/wp-json\/wp\/v2\/users\/2"}],"replies":[{"embeddable":true,"href":"https:\/\/www.europesays.com\/fr\/wp-json\/wp\/v2\/comments?post=161143"}],"version-history":[{"count":0,"href":"https:\/\/www.europesays.com\/fr\/wp-json\/wp\/v2\/posts\/161143\/revisions"}],"wp:featuredmedia":[{"embeddable":true,"href":"https:\/\/www.europesays.com\/fr\/wp-json\/wp\/v2\/media\/161144"}],"wp:attachment":[{"href":"https:\/\/www.europesays.com\/fr\/wp-json\/wp\/v2\/media?parent=161143"}],"wp:term":[{"taxonomy":"category","embeddable":true,"href":"https:\/\/www.europesays.com\/fr\/wp-json\/wp\/v2\/categories?post=161143"},{"taxonomy":"post_tag","embeddable":true,"href":"https:\/\/www.europesays.com\/fr\/wp-json\/wp\/v2\/tags?post=161143"}],"curies":[{"name":"wp","href":"https:\/\/api.w.org\/{rel}","templated":true}]}}