{"id":161153,"date":"2025-06-08T15:11:09","date_gmt":"2025-06-08T15:11:09","guid":{"rendered":"https:\/\/www.europesays.com\/fr\/161153\/"},"modified":"2025-06-08T15:11:09","modified_gmt":"2025-06-08T15:11:09","slug":"venez-deterrer-les-vestiges-du-passe-pour-les-journees-europeennes-de-larcheologie","status":"publish","type":"post","link":"https:\/\/www.europesays.com\/fr\/161153\/","title":{"rendered":"venez d\u00e9terrer les vestiges du pass\u00e9 pour les journ\u00e9es europ\u00e9ennes de l&rsquo;arch\u00e9ologie"},"content":{"rendered":"<p>            Par<br \/>\n        <strong><br \/>\n            <a href=\"https:\/\/actu.fr\/auteur\/tristan-mahe-actu-fr\" title=\"Consulter tous les articles de Tristan Mah\u00e9\" target=\"_blank\" rel=\"noopener\">Tristan Mah\u00e9<\/a><br \/>\n        <\/strong><\/p>\n<p>        Publi\u00e9 le<\/p>\n<p>            8 juin 2025 \u00e0 16h46        <\/p>\n<p><strong>Fouilles, mus\u00e9es, experts<\/strong>\u2026 C\u2019est d\u00e9j\u00e0 la 16e \u00e9dition des <a href=\"https:\/\/www.culture.gouv.fr\/presse\/communiques-de-presse\/16e-edition-des-journees-europeennes-de-l-archeologie-les-13-14-et-15-juin-2025#:~:text=Les%20Journ%C3%A9es%20europ%C3%A9ennes%20de%20l%E2%80%99arch%C3%A9ologie%20%28JEA%29%20auront%20lieu,nouveau%20du%20haut%20patronage%20du%20Conseil%20de%20l%E2%80%99Europe.\" target=\"_blank\" rel=\"noopener\"><strong>Journ\u00e9es Europ\u00e9ennes de l\u2019Arch\u00e9ologie<\/strong><\/a>, qui auront lieu ces 13, 14 et 15\u00a0juin dans une trentaine de pays de l\u2019Europe.<\/p>\n<p class=\" wall-content\">Le but de ces journ\u00e9es, initi\u00e9es par le minist\u00e8re de la Culture et dirig\u00e9es par l\u2019Institut national de recherches arch\u00e9ologiques pr\u00e9ventives (Inrap), est de rendre accessible au grand public les secrets du pass\u00e9 et les connaissances des professionnels.<\/p>\n<p class=\" wall-content\">Les <a href=\"https:\/\/journees-archeologie.eu\/c-2025\/accueil\" target=\"_blank\" rel=\"noopener\">\u00e9v\u00e9nements de ces journ\u00e9es exceptionnelles<\/a> sont <strong>gratuits et ouverts \u00e0 tous publics<\/strong>.<\/p>\n<p>La cure du Vieux Doulon<\/p>\n<p class=\" wall-content\"><strong>La cure du Vieux Doulon,<\/strong> situ\u00e9e au c\u0153ur du bourg, date du XVIIe\u00a0si\u00e8cle. Autrefois compos\u00e9 d\u2019un jardin entour\u00e9 de murs, d\u2019un verger et d\u2019un pr\u00e9 encadr\u00e9 de haies, le presbyt\u00e8re fait l\u2019objet d\u2019un <strong>projet urbain,<\/strong> qui a pour objectif d\u2019y construire services publics et logements.<\/p>\n<p class=\" wall-content\">Des <strong>visites guid\u00e9es<\/strong> seront organis\u00e9es pour pouvoir d\u00e9couvrir les fouilles men\u00e9es par les arch\u00e9ologues de Nantes M\u00e9tropole, notamment les vestiges d\u2019un monast\u00e8re carolingien (IX-Xe si\u00e8cle).<\/p>\n<p>Vid\u00e9os : en ce moment sur Actu<\/p>\n<p><strong>Horaires\u2009:<\/strong><br \/>\u2013 samedi 14\u00a0juin de 11\u2009h \u00e0 18\u2009h\u2009;<br \/>\u2013 dimanche 15\u00a0juin de 11\u2009h \u00e0 18\u2009h.<\/p>\n<p>Le Chronographe \u00e0 la m\u00e9diath\u00e8que Luce-Courville<\/p>\n<p class=\" wall-content\">Le Chronographe, mus\u00e9e arch\u00e9ologique, viendra pr\u00e9senter son <strong>exposition itin\u00e9rante<\/strong> \u00ab\u2009Chronomobile \u2013 Laboratoire de l\u2019arch\u00e9ologie\u2009\u00bb \u00e0 la m\u00e9diath\u00e8que Luce-Courville.<\/p>\n<p class=\" wall-content\">Toujours dans l\u2019optique d\u2019une immersion dans cet univers pass\u00e9, un apr\u00e8s-midi de<strong> jeux antiques<\/strong> sera organis\u00e9 dans la m\u00e9diath\u00e8que.<\/p>\n<p><strong>Horaires\u2009:<\/strong><br \/>\u2013 samedi 14\u00a0juin de 14\u2009h \u00e0 18\u2009h.<\/p>\n<p class=\" wall-content\">Suivez toute l\u2019actualit\u00e9 de vos villes et m\u00e9dias favoris en vous inscrivant \u00e0 <a href=\"https:\/\/moncompte.actu.fr\" title=\"D\u00e9couvez Mon Actu\" rel=\"nofollow noopener\" data-trk=\"{&quot;cta&quot;:{&quot;action&quot;:&quot;https:\\\/\\\/moncompte.actu.fr&quot;,&quot;category&quot;:&quot;mon compte&quot;,&quot;from&quot;:&quot;article footer&quot;,&quot;name&quot;:&quot;Mon actu&quot;,&quot;type&quot;:&quot;cta&quot;}}\" target=\"_blank\">Mon Actu<\/a>.<\/p>\n","protected":false},"excerpt":{"rendered":"Par Tristan Mah\u00e9 Publi\u00e9 le 8 juin 2025 \u00e0 16h46 Fouilles, mus\u00e9es, experts\u2026 C\u2019est d\u00e9j\u00e0 la 16e \u00e9dition&hellip;\n","protected":false},"author":2,"featured_media":161154,"comment_status":"","ping_status":"","sticky":false,"template":"","format":"standard","meta":{"footnotes":""},"categories":[2818],"tags":[1111,11,730,1777,674,1011,27,766,12,2636,25,104],"class_list":{"0":"post-161153","1":"post","2":"type-post","3":"status-publish","4":"format-standard","5":"has-post-thumbnail","7":"category-nantes","8":"tag-actu","9":"tag-actualites","10":"tag-archeologie","11":"tag-eu","12":"tag-europe","13":"tag-fr","14":"tag-france","15":"tag-nantes","16":"tag-news","17":"tag-pays-de-la-loire","18":"tag-republique-francaise","19":"tag-societe"},"share_on_mastodon":{"url":"https:\/\/pubeurope.com\/@fr\/114648388959141442","error":""},"_links":{"self":[{"href":"https:\/\/www.europesays.com\/fr\/wp-json\/wp\/v2\/posts\/161153","targetHints":{"allow":["GET"]}}],"collection":[{"href":"https:\/\/www.europesays.com\/fr\/wp-json\/wp\/v2\/posts"}],"about":[{"href":"https:\/\/www.europesays.com\/fr\/wp-json\/wp\/v2\/types\/post"}],"author":[{"embeddable":true,"href":"https:\/\/www.europesays.com\/fr\/wp-json\/wp\/v2\/users\/2"}],"replies":[{"embeddable":true,"href":"https:\/\/www.europesays.com\/fr\/wp-json\/wp\/v2\/comments?post=161153"}],"version-history":[{"count":0,"href":"https:\/\/www.europesays.com\/fr\/wp-json\/wp\/v2\/posts\/161153\/revisions"}],"wp:featuredmedia":[{"embeddable":true,"href":"https:\/\/www.europesays.com\/fr\/wp-json\/wp\/v2\/media\/161154"}],"wp:attachment":[{"href":"https:\/\/www.europesays.com\/fr\/wp-json\/wp\/v2\/media?parent=161153"}],"wp:term":[{"taxonomy":"category","embeddable":true,"href":"https:\/\/www.europesays.com\/fr\/wp-json\/wp\/v2\/categories?post=161153"},{"taxonomy":"post_tag","embeddable":true,"href":"https:\/\/www.europesays.com\/fr\/wp-json\/wp\/v2\/tags?post=161153"}],"curies":[{"name":"wp","href":"https:\/\/api.w.org\/{rel}","templated":true}]}}