{"id":161161,"date":"2025-06-08T15:15:14","date_gmt":"2025-06-08T15:15:14","guid":{"rendered":"https:\/\/www.europesays.com\/fr\/161161\/"},"modified":"2025-06-08T15:15:14","modified_gmt":"2025-06-08T15:15:14","slug":"toulouse-pris-en-flagrant-delit-le-cambrioleur-braque-un-pistolet-sur-les-policiers","status":"publish","type":"post","link":"https:\/\/www.europesays.com\/fr\/161161\/","title":{"rendered":"Toulouse. Pris en flagrant d\u00e9lit, le cambrioleur braque un pistolet sur les policiers"},"content":{"rendered":"<p>            Par<br \/>\n        <strong><br \/>\n            <a href=\"https:\/\/actu.fr\/auteur\/guillaume-laurens\" title=\"Consulter tous les articles de Guillaume Laurens\" rel=\"nofollow noopener\" target=\"_blank\">Guillaume Laurens<\/a><br \/>\n        <\/strong><\/p>\n<p>        Publi\u00e9 le<\/p>\n<p>            8 juin 2025 \u00e0 12h46        <\/p>\n<p>Il \u00e9tait 00h30, dans la nuit de vendredi 6 au samedi 7 juin 2025, quand des policiers sont intervenus dans une maison du quartier du <strong>Raisin<\/strong> \u00e0 <strong>Toulouse<\/strong>, pr\u00e8s de <a href=\"https:\/\/actu.fr\/occitanie\/toulouse_31555\/toulouse-autour-de-cette-future-station-de-la-ligne-c-du-metro-le-quartier-va-muter_60924439.html\" rel=\"nofollow noopener\" target=\"_blank\">la future station de m\u00e9tro \u00e9ponyme de la ligne C,<\/a> o\u00f9 ils venaient d\u2019\u00eatre alert\u00e9s d\u2019un <strong>cambriolage en cours.<\/strong><\/p>\n<p>Il menace les policiers avec un pistolet<\/p>\n<p class=\" wall-content\">Rapidement arriv\u00e9e sur place, la patrouille a constat\u00e9 une <strong>effraction sur une fen\u00eatre <\/strong>et aper\u00e7u <strong>un individu qui s\u2019activait<\/strong> dans l\u2019habitation. Les fonctionnaires se sont approch\u00e9s et ont tent\u00e9 d\u2019appr\u00e9hender le voleur. Pris en flagrant d\u00e9lit, ce dernier a soudainement <strong>braqu\u00e9 un pistolet <\/strong>sur les forces de l\u2019ordre, \u00ab\u00a0qui ont su garder leur sang-froid\u00a0\u00bb, salue une source polici\u00e8re.<\/p>\n<p>Un cambrioleur de 16 ans, toujours en garde \u00e0 vue<\/p>\n<p class=\" wall-content\">L\u2019individu a <strong>tent\u00e9 de fuir<\/strong>, mais a \u00e9t\u00e9 rattrap\u00e9 dans le jardin, o\u00f9 les policiers l\u2019ont interpell\u00e9 et saisi son arme, qui \u00e9tait en r\u00e9alit\u00e9 un <strong>pistolet airsoft<\/strong>. Le cambrioleur, \u00e2g\u00e9 de <strong>16 ans<\/strong>, a \u00e9t\u00e9 plac\u00e9 en <strong>garde en vue<\/strong> au commissariat central, o\u00f9 il \u00e9tait toujours ce dimanche matin, dans l\u2019attente d\u2019\u00eatre pr\u00e9sent\u00e9 au parquet des mineurs.<\/p>\n<p>    <a href=\"https:\/\/www.google.com\/maps\/embed?pb=!1m18!1m12!1m3!1d3811.3868814793295!2d1.44160877630339!3d43.61713267163844!2m3!1f0!2f0!3f0!3m2!1i1024!2i768!4f13.1!3m3!1m2!1s0x12aebd082a66c595%3A0xcaa15afa706c4888!2sRaisin%20%7C%20Future%20station%20de%20m%C3%A9tro!5e0!3m2!1sfr!2sfr!4v1749377513772!5m2!1sfr!2sfr\" title=\"Ouvrie le lien\" rel=\"nofollow noopener\" target=\"_blank\">Cliquez ici pour visualiser le contenu<\/a><\/p>\n<p>Vid\u00e9os : en ce moment sur Actu<\/p>\n<p class=\" wall-content\">Suivez toute l\u2019actualit\u00e9 de vos villes et m\u00e9dias favoris en vous inscrivant \u00e0 <a href=\"https:\/\/moncompte.actu.fr\" title=\"D\u00e9couvez Mon Actu\" rel=\"nofollow noopener\" data-trk=\"{&quot;cta&quot;:{&quot;action&quot;:&quot;https:\\\/\\\/moncompte.actu.fr&quot;,&quot;category&quot;:&quot;mon compte&quot;,&quot;from&quot;:&quot;article footer&quot;,&quot;name&quot;:&quot;Mon actu&quot;,&quot;type&quot;:&quot;cta&quot;}}\" target=\"_blank\">Mon Actu<\/a>.<\/p>\n","protected":false},"excerpt":{"rendered":"Par Guillaume Laurens Publi\u00e9 le 8 juin 2025 \u00e0 12h46 Il \u00e9tait 00h30, dans la nuit de vendredi&hellip;\n","protected":false},"author":2,"featured_media":161162,"comment_status":"","ping_status":"","sticky":false,"template":"","format":"standard","meta":{"footnotes":""},"categories":[2816],"tags":[1111,11,1174,1777,674,118,1011,27,12,2680,1072,25,2312],"class_list":{"0":"post-161161","1":"post","2":"type-post","3":"status-publish","4":"format-standard","5":"has-post-thumbnail","7":"category-toulouse","8":"tag-actu","9":"tag-actualites","10":"tag-cambriolage","11":"tag-eu","12":"tag-europe","13":"tag-faits-divers","14":"tag-fr","15":"tag-france","16":"tag-news","17":"tag-occitanie","18":"tag-police","19":"tag-republique-francaise","20":"tag-toulouse"},"share_on_mastodon":{"url":"https:\/\/pubeurope.com\/@fr\/114648404734497155","error":""},"_links":{"self":[{"href":"https:\/\/www.europesays.com\/fr\/wp-json\/wp\/v2\/posts\/161161","targetHints":{"allow":["GET"]}}],"collection":[{"href":"https:\/\/www.europesays.com\/fr\/wp-json\/wp\/v2\/posts"}],"about":[{"href":"https:\/\/www.europesays.com\/fr\/wp-json\/wp\/v2\/types\/post"}],"author":[{"embeddable":true,"href":"https:\/\/www.europesays.com\/fr\/wp-json\/wp\/v2\/users\/2"}],"replies":[{"embeddable":true,"href":"https:\/\/www.europesays.com\/fr\/wp-json\/wp\/v2\/comments?post=161161"}],"version-history":[{"count":0,"href":"https:\/\/www.europesays.com\/fr\/wp-json\/wp\/v2\/posts\/161161\/revisions"}],"wp:featuredmedia":[{"embeddable":true,"href":"https:\/\/www.europesays.com\/fr\/wp-json\/wp\/v2\/media\/161162"}],"wp:attachment":[{"href":"https:\/\/www.europesays.com\/fr\/wp-json\/wp\/v2\/media?parent=161161"}],"wp:term":[{"taxonomy":"category","embeddable":true,"href":"https:\/\/www.europesays.com\/fr\/wp-json\/wp\/v2\/categories?post=161161"},{"taxonomy":"post_tag","embeddable":true,"href":"https:\/\/www.europesays.com\/fr\/wp-json\/wp\/v2\/tags?post=161161"}],"curies":[{"name":"wp","href":"https:\/\/api.w.org\/{rel}","templated":true}]}}