{"id":161168,"date":"2025-06-08T15:20:09","date_gmt":"2025-06-08T15:20:09","guid":{"rendered":"https:\/\/www.europesays.com\/fr\/161168\/"},"modified":"2025-06-08T15:20:09","modified_gmt":"2025-06-08T15:20:09","slug":"la-france-est-perdue-si-elle-ne-se-mobilise-pas-face-a-ces-crimes","status":"publish","type":"post","link":"https:\/\/www.europesays.com\/fr\/161168\/","title":{"rendered":"La France est perdue si elle ne se mobilise pas face \u00e0 ces crimes"},"content":{"rendered":"<p>\u00ab\u00a0C\u2019est ignoble, inimaginable qu\u2019on puisse se faire tuer parce qu\u2019on est arabe ou noir\u00a0\u00bb. V\u00eatue, comme une grande partie des participants au cort\u00e8ge, d\u2019un tee-shirt appelant \u00e0 la \u00ab\u00a0Justice pour Hichem\u00a0\u00bb, Sihem, 36\u00a0ans, ne \u00ab\u00a0r\u00e9alise toujours pas\u00a0\u00bb qu\u2019elle a perdu son cousin, <a href=\"https:\/\/www.laprovence.com\/article\/faits-divers-justice\/5306741874405814\/attentat-a-puget-sur-argens-le-suspect-contesterait-le-motif-raciste-malgre-la-diffusion-de-videos-au-contenu-haineux\" target=\"_blank\" rel=\"noopener\">Hichem Miraoui, 46\u00a0ans, victime d\u2019un attentat raciste commis par son voisin \u00e0 Puget-sur-Argens<\/a> dans le Var, il y a huit jours. Ce dimanche 8\u00a0juin au matin, elle est venue de La Ciotat avec son mari et leur fille de 10 mois pour prendre part \u00e0 la marche blanche organis\u00e9e par les proches de la victime au d\u00e9part de la Porte d\u2019Aix avant celle pr\u00e9vue \u00e0 Puget-sur-Argens dans l\u2019apr\u00e8s-midi. \u00ab\u00a0J\u2019en dors plus la nuit, doit-on avoir peur pour nos enfants\u00a0? Est-ce qu\u2019on devra regarder derri\u00e8re nous quand on marche dans la rue\u00a0?\u00a0\u00bb.<\/p>\n","protected":false},"excerpt":{"rendered":"\u00ab\u00a0C\u2019est ignoble, inimaginable qu\u2019on puisse se faire tuer parce qu\u2019on est arabe ou noir\u00a0\u00bb. V\u00eatue, comme une grande&hellip;\n","protected":false},"author":2,"featured_media":161169,"comment_status":"","ping_status":"","sticky":false,"template":"","format":"standard","meta":{"footnotes":""},"categories":[2814],"tags":[17,1111,11,8386,3029,1777,674,1011,27,29246,4879,2089,884,12,882,25,7233,104],"class_list":{"0":"post-161168","1":"post","2":"type-post","3":"status-publish","4":"format-standard","5":"has-post-thumbnail","7":"category-marseille","8":"tag-17","9":"tag-actu","10":"tag-actualites","11":"tag-blanche","12":"tag-du","13":"tag-eu","14":"tag-europe","15":"tag-fr","16":"tag-france","17":"tag-hichem","18":"tag-hommage","19":"tag-marche","20":"tag-marseille","21":"tag-news","22":"tag-provence-alpes-cote-dazur","23":"tag-republique-francaise","24":"tag-sang","25":"tag-societe"},"share_on_mastodon":{"url":"https:\/\/pubeurope.com\/@fr\/114648424326384939","error":""},"_links":{"self":[{"href":"https:\/\/www.europesays.com\/fr\/wp-json\/wp\/v2\/posts\/161168","targetHints":{"allow":["GET"]}}],"collection":[{"href":"https:\/\/www.europesays.com\/fr\/wp-json\/wp\/v2\/posts"}],"about":[{"href":"https:\/\/www.europesays.com\/fr\/wp-json\/wp\/v2\/types\/post"}],"author":[{"embeddable":true,"href":"https:\/\/www.europesays.com\/fr\/wp-json\/wp\/v2\/users\/2"}],"replies":[{"embeddable":true,"href":"https:\/\/www.europesays.com\/fr\/wp-json\/wp\/v2\/comments?post=161168"}],"version-history":[{"count":0,"href":"https:\/\/www.europesays.com\/fr\/wp-json\/wp\/v2\/posts\/161168\/revisions"}],"wp:featuredmedia":[{"embeddable":true,"href":"https:\/\/www.europesays.com\/fr\/wp-json\/wp\/v2\/media\/161169"}],"wp:attachment":[{"href":"https:\/\/www.europesays.com\/fr\/wp-json\/wp\/v2\/media?parent=161168"}],"wp:term":[{"taxonomy":"category","embeddable":true,"href":"https:\/\/www.europesays.com\/fr\/wp-json\/wp\/v2\/categories?post=161168"},{"taxonomy":"post_tag","embeddable":true,"href":"https:\/\/www.europesays.com\/fr\/wp-json\/wp\/v2\/tags?post=161168"}],"curies":[{"name":"wp","href":"https:\/\/api.w.org\/{rel}","templated":true}]}}