{"id":161173,"date":"2025-06-08T15:24:10","date_gmt":"2025-06-08T15:24:10","guid":{"rendered":"https:\/\/www.europesays.com\/fr\/161173\/"},"modified":"2025-06-08T15:24:10","modified_gmt":"2025-06-08T15:24:10","slug":"ratp-et-sncf-les-perturbations-attendues-dans-les-transports-a-paris-et-en-ile-de-france-cette-semaine-7","status":"publish","type":"post","link":"https:\/\/www.europesays.com\/fr\/161173\/","title":{"rendered":"RATP et SNCF. Les perturbations attendues dans les transports \u00e0 Paris et en \u00cele-de-France cette semaine"},"content":{"rendered":"<p>            Par<br \/>\n        <strong><br \/>\n            <a href=\"https:\/\/actu.fr\/auteur\/antoine-grotteria02\" title=\"Consulter tous les articles de Antoine Grotteria\" target=\"_blank\" rel=\"noopener\">Antoine Grotteria<\/a><br \/>\n        <\/strong><\/p>\n<p>        Publi\u00e9 le<\/p>\n<p>            8 juin 2025 \u00e0 17h02        <\/p>\n<p>De nouvelles <strong>perturbations<\/strong> pour une semaine de travail raccourcie. Du lundi 9 au dimanche 15 juin 2025, les transports \u00e0 <a href=\"https:\/\/actu.fr\/paris\/\" target=\"_blank\" rel=\"noopener\">Paris<\/a> et en <strong>\u00cele-de-France<\/strong> seront perturb\u00e9s en raison de travaux. Ce sera le cas dans le <a href=\"https:\/\/actu.fr\/tag\/metro\" target=\"_blank\" rel=\"noopener\">m\u00e9tro<\/a>, le tramway ou encore le RER. Actu Paris\u00a0a recens\u00e9 les lignes\u00a0<a href=\"https:\/\/actu.fr\/tag\/sncf\" target=\"_blank\" rel=\"noopener\">SNCF\u00a0<\/a>et\u00a0<a href=\"https:\/\/actu.fr\/tag\/ratp\" target=\"_blank\" rel=\"noopener\">RATP\u00a0<\/a>concern\u00e9es.<\/p>\n<p>M\u00e9tro\u00a0<\/p>\n<p class=\" wall-content\"><strong>Ligne 9<\/strong> : lundi 9 juin, le trafic sera interrompu sur l\u2019ensemble de la ligne en raison de travaux de modernisation en raison de travaux. Bus en place.\u00a0<\/p>\n<p class=\" wall-content\"><strong>Ligne 14<\/strong> : du lundi 9 juin au dimanche 15 juin, le mercredi \u00e0 partir de 22 heures, le trafic est interrompu sur l\u2019ensemble de la ligne en raison de travaux. Dimanche 15 juin, le trafic est interrompu sur toute la ligne en raison de travaux. Bus entre la gare de Lyon et Olympiades.\u00a0<\/p>\n<p>RER\u00a0<\/p>\n<p class=\" wall-content\"><strong>RER A<\/strong> : jusqu\u2019au lundi 9 juin, le trafic sera interrompu entre Maisons-Laffitte et Poissy en raison de travaux jusqu\u2019\u00e0 16 heures. Ligne de bus 1 renforc\u00e9e \u00e0 St Germain-en-Laye et bus de remplacement \u00e0 Ach\u00e8res\u2013Ville.<\/p>\n<p class=\" wall-content\"><strong>RER B<\/strong> : jusqu\u2019au lundi 9 juin, le trafic est interrompu entre A\u00e9roport Charles de Gaulle 2\u2006\u2013\u2006TGV et Aulnay-sous-Bois en raison de travaux. Bus en place. Du mardi 10 au vendredi 13 juin, \u00e0 partir de 22h45, le trafic sera interrompu entre Gare du Nord et A\u00e9roport Charles de Gaulle 2\u2013TGV via Mitry\u2013Claye en raison de travaux d\u2019entretien. Bus de remplacement.<\/p>\n<p class=\" wall-content\"><strong>RER C<\/strong> : jusqu\u2019au 30 juin, l\u2019arr\u00eat n\u2019est pas desservi \u00e0 Issy vers Versailles Ch\u00e2teau Rive Gauche et Saint-Quentin en Yvelines \u2013 Montigny-le-Bretonneux en raison de mesures de s\u00e9curit\u00e9. Du lundi 9 au vendredi 13 juin, \u00e0 partir de 23h30, le trafic est interrompu entre Versailles Ch\u00e2teau Rive Gauche et Javel pour cause de travaux. M\u00eame chose entre Javel et Saint-Quentin en Yvelines. Le trafic est interrompu entre Dourdan \/ Saint-Martin d\u2019Etampes et Paris Austerlitz d\u00e8s 23h30 du lundi 9 au vendredi 13 juin en raison de travaux. Du lundi 9 au vendredi 13 juin, le trafic est interrompu ente Paris Austerlitz et Juvisy via Choisy le Roi \u00e0 partir de 23 heures. Bus en place pour ces perturbations. M\u00eame chose entre Paris Austerlitz et Pont de Rungis Orly. Dimanche 15 juin, le trafic est interrompu entre Dourdan \/ Saint-Martin d\u2019Etampes et Paris Austerlitz \u00e0 partir de 23h45. Bus en place. Les samedi 14 et 15 juin, le trafic est interrompu entre Massy-Palaiseau et Pont de Rungis Orly et entre Paris Austerlitz et Juvisy \u00e0 partir de 23h45 et entre Versailles Ch\u00e2teau Rive Gauche et Invalides \u00e0 partir de 23h50. Les samedi 14 et dimanche 15 juin, les trains sont directs de Choisy le Roi \u00e0 Juvisy uniquement dans ce sens. Samedi 14 juin, le trafic est interrompu entre Paris Austerlitz et Dourdan\/Saint-Martin d\u2019Etampes \u00e0 partir de 23h55.\u00a0<\/p>\n<p class=\" wall-content\"><strong>RER D<\/strong> : du lundi 9 au vendredi 13 juin, d\u00e8s 23h35, le trafic est interrompu entre Combs-la-Ville \u2013 Quincy et Melun. Bus de remplacement. Du lundi 9 au vendredi 13 juin, d\u00e8s 23h15, le trafic est interrompu entre Villeneuve S Georges et Corbeil-Essonnes via \u00c9vry \u2013 Courcouronnes en raison de travaux. Bus en place. Du lundi 9 juin au vendredi 13 juin, d\u00e8s 23 heures, les arr\u00eats ne sont pas desservis \u00e0 Maisons-Alfort \u2013 Alfortville, Le Vert de Maisons, Cr\u00e9teil Pompadour et Villeneuve Triage en raison de travaux d\u2019entretien. Du lundi 9 juin au vendredi 13 juin entre 9h30 et 16 heures, le trafic est ralenti entre Combs-la-Ville \u2013 Quincy et Melun, un train sur deux en circulation, en raison de travaux. Du mardi 10 au vendredi 13 juin, \u00e0 partir de 23h20, le trafic sera interrompu entre Gare du Nord et Creil en raison de travaux. Bus de remplacement. Les samedi 14 et dimanche 15 juin, de 22h50 \u00e0 8h50, le trafic est interrompu entre Paris Gare du Nord et Creil en raison de travaux. Bus passant aux gares interm\u00e9diaires.\u00a0<\/p>\n<p class=\" wall-content\"><strong>RER E<\/strong> : du lundi 9 au vendredi 13 juin, le trafic est interrompu entre Nanterre-la-Folie et Chelles Gournay \u00e0 partir de 22h30. Bus en place. Les samedi 14 et dimanche 15 juin, \u00e0 partir de 22h45, le trafic est interrompu entre Nanterre-la-Folie et Chelles Gournay en raison de travaux. Bus en place. M\u00eame chose entre Nanterre-La-Folie et Villiers-sur-Marne \u00e0 partir de 22h35. Du mardi 10 au vendredi 13 juin, un train sur deux circule entre Nanterre-la-Folie et Villiers-sur-Marne en raison de travaux. Les samedi 14 et dimanche 15 juin, le trafic est interrompu entre Villiers-sur-Marne et Tournan.\u00a0<\/p>\n<p>Transilien<\/p>\n<p class=\" wall-content\"><strong>Ligne H : <\/strong>du mardi 10 au vendredi 13 juin, le trafic est interrompu entre Paris Gare du Nord et Sarcelles St Brice en soir\u00e9e. Travaux. Bus en place. Le trafic est interrompu entre Paris Gare du Nord et Luzarches en soir\u00e9e en raison de travaux. Service de bus en place. Les samedi 14 et dimanche 15 juin, le trafic est interrompu entre Paris Gare du Nord et Sarcelles \u2013 Saint-Brice \u00e0 partir de 22h50 jusqu\u2019\u00e0 8h50. Travaux.\u00a0<\/p>\n<p class=\" wall-content\"><strong>Ligne J<\/strong> : du lundi 9 au vendredi 13 juin, le trafic est interrompu entre Paris Saint-Lazare et Mantes la Jolie via Poissy avec un service de bus de remplacement \u00e0 partir de 21h50. Les samedi 14 et dimanche 15 juin, le trafic est interrompu entre Paris Saint-Lazare et Mantes la Jolie via Poissy en raison de travaux. Bus en place.\u00a0<\/p>\n<p class=\" wall-content\"><strong>Ligne K<\/strong> : lundi 9 juin, le trafic est interrompu entre Paris Gare du Nord et Mitry \u2013 Claye. Du lundi 9 au dimanche 15 juin, le trafic est interrompu entre Paris Gare du Nord et Cr\u00e9py-en-Valois en soir\u00e9e.\u00a0<\/p>\n<p class=\" wall-content\"><strong>Ligne L<\/strong> : du lundi 9 au vendredi 13 juin, d\u00e8s 22 heures, le trafic sera interrompu entre B\u00e9con les Bruy\u00e8res et Nanterre\u2006\u2013\u2006Universit\u00e9, et entre Maisons-Laffitte et B\u00e9con les Bruy\u00e8res. Bus de remplacement.<\/p>\n<p class=\" wall-content\"><strong>Ligne N<\/strong> : du mardi 10 au vendredi 13 juin, le trafic est interrompu entre Paris Montparnasse et Dreux. Service de plus en place. Travaux.\u00a0<\/p>\n<p class=\" wall-content\"><strong>Ligne P<\/strong> : du lundi 9 au vendredi 13 juin, le trafic est interrompu entre Paris Est et Meaux en soir\u00e9e en raison de travaux. Bus en place aux gares interm\u00e9diaires. Le trafic est interrompu entre Paris Est et Ch\u00e2teau-Thierry toute la semaine \u00e0 partir de 22 heures. Bus en place. Samedi 14 juin, le trafic est interrompu entre Paris Est et Meaux \u00e0 partir de 22h50. Samedi 14 juin, le trafic est interrompu entre Paris Est et Ch\u00e2teau-Thierry \u00e0 partir de 23 heures. Bus en place.\u00a0<\/p>\n<p class=\" wall-content\"><strong>Ligne V<\/strong> : les samedi 14 et dimanche 15 juin, le trafic est interrompu sur l\u2019ensemble de la ligne. Bus en place. Travaux.\u00a0<\/p>\n<p>Tramway<\/p>\n<p class=\" wall-content\"><strong>T1<\/strong> : le trafic est interrompu\u00a0entre Asni\u00e8res \u2013 Quatre Routes et Gare de Saint-Denis\u00a0et perturb\u00e9 sur le reste de la ligne\u00a0en raison d\u2019une d\u00e9gradation par un tiers\u00a0\u00e0 L\u2019\u00cele-Saint-Denis.\u00a0Pas de reprise pr\u00e9vue jusqu\u2019\u00e0 nouvel ordre.<\/p>\n<p class=\" wall-content\"><strong>T2<\/strong> : jusqu\u2019au 2 novembre 2025, le trafic est interrompu entre Porte de Versailles et Suzanne Lenglen en raison d\u2019importants travaux de modernisation.<\/p>\n<p class=\" wall-content\"><strong>T4<\/strong> : le trafic est interrompu toute la semaine entre les stations Gargan et Aulnay-sous-Bois dans les deux sens \u00e0 partir de 22h55 en raison de travaux. Bus en place.\u00a0<\/p>\n<p class=\" wall-content\"><strong>T13<\/strong> : du lundi 9 au vendredi 13 juin, le trafic est interrompu sur l\u2019ensemble de la ligne. Un service de bus de remplacement est mis en place, Motif : travaux sur la ligne L<\/p>\n<p class=\" wall-content\">Suivez toute l\u2019actualit\u00e9 de vos villes et m\u00e9dias favoris en vous inscrivant \u00e0 <a href=\"https:\/\/moncompte.actu.fr\" title=\"D\u00e9couvez Mon Actu\" rel=\"nofollow noopener\" data-trk=\"{&quot;cta&quot;:{&quot;action&quot;:&quot;https:\\\/\\\/moncompte.actu.fr&quot;,&quot;category&quot;:&quot;mon compte&quot;,&quot;from&quot;:&quot;article footer&quot;,&quot;name&quot;:&quot;Mon actu&quot;,&quot;type&quot;:&quot;cta&quot;}}\" target=\"_blank\">Mon Actu<\/a>.<\/p>\n","protected":false},"excerpt":{"rendered":"Par Antoine Grotteria Publi\u00e9 le 8 juin 2025 \u00e0 17h02 De nouvelles perturbations pour une semaine de travail&hellip;\n","protected":false},"author":2,"featured_media":161174,"comment_status":"","ping_status":"","sticky":false,"template":"","format":"standard","meta":{"footnotes":""},"categories":[1592],"tags":[1111,11,1777,674,1011,27,662,12,626,625,25,2215,104,2803],"class_list":{"0":"post-161173","1":"post","2":"type-post","3":"status-publish","4":"format-standard","5":"has-post-thumbnail","7":"category-ile-de-france","8":"tag-actu","9":"tag-actualites","10":"tag-eu","11":"tag-europe","12":"tag-fr","13":"tag-france","14":"tag-ile-de-france","15":"tag-news","16":"tag-paris","17":"tag-ratp","18":"tag-republique-francaise","19":"tag-sncf","20":"tag-societe","21":"tag-transport"},"share_on_mastodon":{"url":"https:\/\/pubeurope.com\/@fr\/114648440033584829","error":""},"_links":{"self":[{"href":"https:\/\/www.europesays.com\/fr\/wp-json\/wp\/v2\/posts\/161173","targetHints":{"allow":["GET"]}}],"collection":[{"href":"https:\/\/www.europesays.com\/fr\/wp-json\/wp\/v2\/posts"}],"about":[{"href":"https:\/\/www.europesays.com\/fr\/wp-json\/wp\/v2\/types\/post"}],"author":[{"embeddable":true,"href":"https:\/\/www.europesays.com\/fr\/wp-json\/wp\/v2\/users\/2"}],"replies":[{"embeddable":true,"href":"https:\/\/www.europesays.com\/fr\/wp-json\/wp\/v2\/comments?post=161173"}],"version-history":[{"count":0,"href":"https:\/\/www.europesays.com\/fr\/wp-json\/wp\/v2\/posts\/161173\/revisions"}],"wp:featuredmedia":[{"embeddable":true,"href":"https:\/\/www.europesays.com\/fr\/wp-json\/wp\/v2\/media\/161174"}],"wp:attachment":[{"href":"https:\/\/www.europesays.com\/fr\/wp-json\/wp\/v2\/media?parent=161173"}],"wp:term":[{"taxonomy":"category","embeddable":true,"href":"https:\/\/www.europesays.com\/fr\/wp-json\/wp\/v2\/categories?post=161173"},{"taxonomy":"post_tag","embeddable":true,"href":"https:\/\/www.europesays.com\/fr\/wp-json\/wp\/v2\/tags?post=161173"}],"curies":[{"name":"wp","href":"https:\/\/api.w.org\/{rel}","templated":true}]}}