{"id":161179,"date":"2025-06-08T15:27:08","date_gmt":"2025-06-08T15:27:08","guid":{"rendered":"https:\/\/www.europesays.com\/fr\/161179\/"},"modified":"2025-06-08T15:27:08","modified_gmt":"2025-06-08T15:27:08","slug":"exposition-a-la-redecouverte-de-georges-mathieu-sublime-a-la-monnaie-de-paris","status":"publish","type":"post","link":"https:\/\/www.europesays.com\/fr\/161179\/","title":{"rendered":"Exposition\u00a0: \u00e0 la red\u00e9couverte de Georges Mathieu, sublim\u00e9 \u00e0 la Monnaie de Paris"},"content":{"rendered":"<p class=\"paragraph text_align_left\">On a tous en nous quelque chose de Georges Mathieu. Enfin, peut-\u00eatre pas vous, si vous \u00eates trop jeune. Quoique. Ce grand peintre des <a href=\"https:\/\/www.leparisien.fr\/culture-loisirs\/exposition-vasarely-la-star-des-trente-glorieuses-10-02-2019-8008284.php\" target=\"_self\" rel=\"nofollow noopener\">Trente Glorieuses<\/a> a aussi \u00e9t\u00e9 le pr\u00e9curseur du graffiti. Les quadras et plus l\u2019ont eu dans leur porte-monnaie, quand les pi\u00e8ces de 10 francs qu\u2019il a cr\u00e9\u00e9es n\u2019avaient pas encore \u00e9t\u00e9 d\u00e9tr\u00f4n\u00e9es par l\u2019euro.<\/p>\n<p class=\"paragraph text_align_left\">Il a aussi dessin\u00e9 le logo d\u2019Antenne 2, \u00e0 l\u2019\u00e9poque des deux ou trois cha\u00eenes t\u00e9l\u00e9, impossible de ne pas tomber dessus quasi quotidiennement. Mathieu voulait entrer dans la r\u00e9tine des Fran\u00e7ais. <a href=\"https:\/\/www.leparisien.fr\/video\/les-acteurs-de-la-casa-de-papel-se-payent-la-monnaie-de-paris-16-07-2019-8118297.php\" target=\"_self\" rel=\"nofollow noopener\">La Monnaie de Paris<\/a>, en partenariat avec le Centre Pompidou, consacre la premi\u00e8re r\u00e9trospective depuis pr\u00e8s de 25 ans \u00e0 ce peintre phare de l\u2019apr\u00e8s-guerre. Et il nous en met plein la vue. \u00c9tions-nous aveugles pour l\u2019avoir n\u00e9glig\u00e9 \u00e0 ce point ?<\/p>\n","protected":false},"excerpt":{"rendered":"On a tous en nous quelque chose de Georges Mathieu. Enfin, peut-\u00eatre pas vous, si vous \u00eates trop&hellip;\n","protected":false},"author":2,"featured_media":161180,"comment_status":"","ping_status":"","sticky":false,"template":"","format":"standard","meta":{"footnotes":""},"categories":[1888],"tags":[11,1687,1777,674,1349,1011,27,12,626,25],"class_list":{"0":"post-161179","1":"post","2":"type-post","3":"status-publish","4":"format-standard","5":"has-post-thumbnail","7":"category-paris","8":"tag-actualites","9":"tag-culture-loisirs","10":"tag-eu","11":"tag-europe","12":"tag-expositions","13":"tag-fr","14":"tag-france","15":"tag-news","16":"tag-paris","17":"tag-republique-francaise"},"share_on_mastodon":{"url":"https:\/\/pubeurope.com\/@fr\/114648451963259572","error":""},"_links":{"self":[{"href":"https:\/\/www.europesays.com\/fr\/wp-json\/wp\/v2\/posts\/161179","targetHints":{"allow":["GET"]}}],"collection":[{"href":"https:\/\/www.europesays.com\/fr\/wp-json\/wp\/v2\/posts"}],"about":[{"href":"https:\/\/www.europesays.com\/fr\/wp-json\/wp\/v2\/types\/post"}],"author":[{"embeddable":true,"href":"https:\/\/www.europesays.com\/fr\/wp-json\/wp\/v2\/users\/2"}],"replies":[{"embeddable":true,"href":"https:\/\/www.europesays.com\/fr\/wp-json\/wp\/v2\/comments?post=161179"}],"version-history":[{"count":0,"href":"https:\/\/www.europesays.com\/fr\/wp-json\/wp\/v2\/posts\/161179\/revisions"}],"wp:featuredmedia":[{"embeddable":true,"href":"https:\/\/www.europesays.com\/fr\/wp-json\/wp\/v2\/media\/161180"}],"wp:attachment":[{"href":"https:\/\/www.europesays.com\/fr\/wp-json\/wp\/v2\/media?parent=161179"}],"wp:term":[{"taxonomy":"category","embeddable":true,"href":"https:\/\/www.europesays.com\/fr\/wp-json\/wp\/v2\/categories?post=161179"},{"taxonomy":"post_tag","embeddable":true,"href":"https:\/\/www.europesays.com\/fr\/wp-json\/wp\/v2\/tags?post=161179"}],"curies":[{"name":"wp","href":"https:\/\/api.w.org\/{rel}","templated":true}]}}