{"id":161181,"date":"2025-06-08T15:28:10","date_gmt":"2025-06-08T15:28:10","guid":{"rendered":"https:\/\/www.europesays.com\/fr\/161181\/"},"modified":"2025-06-08T15:28:10","modified_gmt":"2025-06-08T15:28:10","slug":"elle-dessert-la-cause-lgbt-a-paris-laffiche-polemique-de-la-marche-des-fiertes-divise-le-marais","status":"publish","type":"post","link":"https:\/\/www.europesays.com\/fr\/161181\/","title":{"rendered":"\u00ab\u00a0Elle dessert la cause LGBT\u00a0\u00bb\u00a0: \u00e0 Paris, l\u2019affiche pol\u00e9mique de la Marche des fiert\u00e9s divise le Marais"},"content":{"rendered":"<p class=\"paragraph text_align_left\">Dans <a href=\"https:\/\/www.leparisien.fr\/paris-75\/il-ny-a-plus-de-lien-plus-dhumanite-a-paris-le-marais-symbole-de-luberisation-de-la-ville-07-06-2025-YEQQBUNOUZFEZHAPDAGZVJSN4Q.php?ts=1749388975649\" target=\"_blank\" rel=\"noreferrer nofollow noopener\">le Marais<\/a>, ce week-end, l\u2019affiche pour la Marche des fiert\u00e9s alimente les conversations. En cause : la pr\u00e9sence, sur ce qui annonce l\u2019\u00e9v\u00e9nement pr\u00e9vu le 28 juin, de symboles que d\u2019aucuns interpr\u00e8tent comme des prises de position politique et des <a href=\"https:\/\/www.leparisien.fr\/societe\/marche-des-fiertes-laffiche-critiquee-linterlgbt-denonce-des-contresens-grossiers-05-06-2025-VQPW6ECFLBHR7HVMILCXUDW2LA.php\" target=\"_blank\" rel=\"noreferrer nofollow noopener\">\u00ab incitations \u00e0 la violence \u00bb<\/a>.<\/p>\n<p class=\"paragraph text_align_left\">Harold, un communiquant de 32 ans crois\u00e9 devant <a href=\"https:\/\/www.leparisien.fr\/paris-75\/le-bhv-doit-devenir-le-magasin-prefere-des-parisiens-ambitionne-son-nouveau-directeur-07-05-2025-MXMQWZTF5VD6LG2IR6YJF3AKPE.php\" target=\"_self\" rel=\"nofollow noopener\">le BHV<\/a> au bras de son compagnon ce samedi, a l\u2019image en t\u00eate et se livre spontan\u00e9ment \u00e0 un d\u00e9cryptage du visuel d\u00e9cri\u00e9. \u00ab Toutes les luttes port\u00e9es par l\u2019extr\u00eame gauche sont repr\u00e9sent\u00e9es. Cette affiche divise alors que la Gay Pride se veut rassembleuse. Elle dessert la cause LGBT \u00bb, s\u2019indigne ce Parisien.<\/p>\n<p class=\"paragraph text_align_left\">Le <a href=\"https:\/\/www.leparisien.fr\/societe\/marche-des-fiertes-laffiche-critiquee-linterlgbt-denonce-des-contresens-grossiers-05-06-2025-VQPW6ECFLBHR7HVMILCXUDW2LA.php\" target=\"_self\" rel=\"nofollow noopener\">visuel <\/a>choisi par les organisateurs pour cette \u00e9dition 2025, financ\u00e9e par la mairie de Paris et la r\u00e9gion \u00cele-de-France, met en sc\u00e8ne un groupe de manifestants. Parmi eux, une femme voil\u00e9e tenant par la cravate un homme assomm\u00e9 portant au cou un symbole fasciste et brandissant une pancarte avec le slogan \u00ab contre l\u2019internationale r\u00e9actionnaire \u00bb.<\/p>\n<p class=\"paragraph text_align_left\">L\u2019affiche repr\u00e9sente aussi des personnages arborant un triangle rose qui fait \u00e9cho au symbole utilis\u00e9 par les nazis pour identifier les d\u00e9tenus homosexuels, ou un pin\u2019s et un sac \u00e9voquant le drapeau palestinien. Des choix fustig\u00e9s par des \u00e9lus de droite et d\u2019extr\u00eame droite, ainsi que par le groupe juif gay et lesbien de France, Beit Haverim, qui d\u00e9nonce \u00ab une communication irr\u00e9fl\u00e9chie \u00bb susceptible de provoquer \u00ab des d\u00e9bordements \u00bb.<\/p>\n<p>\u00ab Les th\u00e8mes abord\u00e9s font oublier le sujet principal \u00bb<\/p>\n<p class=\"paragraph text_align_left\">Si les critiques ont \u00e9t\u00e9 balay\u00e9es par l\u2019Inter-LGBT, organisatrice de la marche des fiert\u00e9s, dans un communiqu\u00e9 de presse publi\u00e9 jeudi, les avis au sein de la communaut\u00e9 gay, eux, divergent. \u00c0 la terrasse du caf\u00e9-restaurant Le Ju, reconnaissable sous sa for\u00eat de parapluies arc-en-ciel, Jonathan ne cache pas sa col\u00e8re. \u00ab Tous les th\u00e8mes abord\u00e9s sont port\u00e9s par l\u2019extr\u00eame gauche et font oublier le sujet principal : la Gay Pride \u00bb, regrette ce Parisien de 36 ans, sp\u00e9cialis\u00e9 en design.<\/p>\n<p class=\"paragraph text_align_left\">\u00ab Dommage d\u2019avoir choisi une affiche qui divise pour annoncer une f\u00eate qui se veut rassembleuse \u00bb, rench\u00e9rit son ami Kevin, un commercial du m\u00eame \u00e2ge. \u00ab Cette affiche est empreinte de wokisme. Il aurait mieux valu choisir un message neutre pour \u00e9viter la pol\u00e9mique \u00bb, sugg\u00e8re Cyrille, un ing\u00e9nieur de 37 qui se pr\u00e9sente comme socialiste, contrairement \u00e0 ses deux amis qui s\u2019affichent sympathisants de droite.<\/p>\n<p class=\"paragraph text_align_left\">Un peu plus loin, des hommes de tous horizons sont attroup\u00e9s devant le caf\u00e9 Cox, une institution dans la communaut\u00e9 gay. Arnaud, un ancien Parisien de 46 ans retir\u00e9 en Bretagne, condamne aussi l\u2019affiche. \u00ab Du point de vue graphique, elle est m\u00e9diocre et sur le fond, les organisateurs s\u2019adressent avant tout aux queers, transgenres et bisexuels \u00bb, s\u2019indigne ce graphiste. Et ce dernier de regretter que \u00ab la violence v\u00e9hicul\u00e9e par l\u2019affiche occulte le message de tol\u00e9rance pr\u00f4n\u00e9 par la Marche des fiert\u00e9s \u00bb.<\/p>\n<p><img decoding=\"async\" class=\"image \" loading=\"lazy\" src=\"https:\/\/www.europesays.com\/fr\/wp-content\/uploads\/2025\/06\/N4FU2QCBRFBWFGZJ4XSTD2K4SE.jpg\" alt=\"Omar, serveur, craint que la pol\u00e9mique d'entra\u00eene \u00abdes d\u00e9bordements et des actes hostiles\u00bb le jour de la Marche des fiert\u00e9s. LP\/Christine Henry\" align=\"\" data-rubrique-principale=\"\" data-article-type=\"\" fetchpriority=\"auto\"\/>Omar, serveur, craint que la pol\u00e9mique d&rsquo;entra\u00eene \u00abdes d\u00e9bordements et des actes hostiles\u00bb le jour de la Marche des fiert\u00e9s. LP\/Christine Henry<\/p>\n<p class=\"paragraph text_align_left\">Omar, serveur au Vito, le caf\u00e9 voisin, craint de son c\u00f4t\u00e9 que cette pol\u00e9mique \u00ab dissuade les gens de participer \u00e0 la f\u00eate des fiert\u00e9s \u00bb et entra\u00eene \u00ab des d\u00e9bordements et des actes hostiles \u00bb.<\/p>\n<p>Pour d\u2019autres, une temp\u00eate dans un verre d\u2019eau<\/p>\n<p class=\"paragraph text_align_left\">Tous ne partagent pas ces points de vue. \u00c0 l\u2019image de Beno\u00eet, un fonctionnaire qui sirote une bi\u00e8re devant le Cox. \u00ab Cette affiche ne me pose pas de probl\u00e8me. La pol\u00e9mique a \u00e9t\u00e9 cr\u00e9\u00e9e par des \u00e9lus de droite et d\u2019extr\u00eame droite qui ne sont pas r\u00e9put\u00e9s \u00eatre les alli\u00e9s de la communaut\u00e9 gay. Leurs accusations et celles des associations sont infond\u00e9es et mensong\u00e8res. \u00bb<\/p>\n<p class=\"paragraph text_align_left\">Pour S\u00e9bastien, une fonctionnaire de 49 ans, et Pierre, juriste de 39 ans, attabl\u00e9s devant une pinte, \u00e0 la terrasse d\u2019un caf\u00e9 situ\u00e9 \u00e0 l\u2019angle de la rue des archives et de la rue Sainte-Croix de la Bretonnerie, \u00ab cette pol\u00e9mique est une temp\u00eate dans un verre d\u2019eau \u00bb. Pour ce couple, la Gay Pride \u00ab n\u2019est pas seulement un \u00e9v\u00e9nement festif mais un rassemblement militant et on ne peut pas reprocher \u00e0 cette affiche de l\u2019\u00eatre aussi \u00bb. <\/p>\n<p><img decoding=\"async\" class=\"image \" loading=\"lazy\" src=\"https:\/\/www.europesays.com\/fr\/wp-content\/uploads\/2025\/06\/ZSSOOTU6CRGYNHL5GOKZ55G5LA.jpg\" alt=\"Pour S\u00e9bastien et Pierre, l'affiche est \u00e0 l'image du climat tendu dans le monde. LP\/Christine Henry&#10;\" align=\"\" data-rubrique-principale=\"\" data-article-type=\"\" fetchpriority=\"auto\"\/>Pour S\u00e9bastien et Pierre, l&rsquo;affiche est \u00e0 l&rsquo;image du climat tendu dans le monde. LP\/Christine Henry<\/p>\n<p class=\"paragraph text_align_left\">Pas d\u2019appel \u00e0 la violence dans cette affiche ? \u00ab Non, estiment-ils. Contrairement aux affirmations de ses d\u00e9tracteurs. Elle t\u00e9moigne simplement du climat ambiant, tendu. \u00bb<\/p>\n<p class=\"paragraph text_align_left\">Une position que partage le s\u00e9nateur (PCF) de Paris, Ian Brossat. \u00ab La violence n\u2019est pas dans cette affiche mais dans les agressions contre les personnes LGBT \u00bb, temporise l\u2019\u00e9lu. Ouvertement homosexuel, Ian Brossat critique vertement la d\u00e9cision prise par Val\u00e9rie P\u00e9cresse, la pr\u00e9sidente de la r\u00e9gion \u00cele-de-France, qui a d\u00e9cid\u00e9 de supprimer la subvention pour la Marche des fiert\u00e9s en raison de la controverse suscit\u00e9e par cette affiche.<\/p>\n","protected":false},"excerpt":{"rendered":"Dans le Marais, ce week-end, l\u2019affiche pour la Marche des fiert\u00e9s alimente les conversations. En cause : la&hellip;\n","protected":false},"author":2,"featured_media":161182,"comment_status":"","ping_status":"","sticky":false,"template":"","format":"standard","meta":{"footnotes":""},"categories":[1888],"tags":[11,1777,674,1011,27,1944,12,626,25],"class_list":{"0":"post-161181","1":"post","2":"type-post","3":"status-publish","4":"format-standard","5":"has-post-thumbnail","7":"category-paris","8":"tag-actualites","9":"tag-eu","10":"tag-europe","11":"tag-fr","12":"tag-france","13":"tag-ma-ville","14":"tag-news","15":"tag-paris","16":"tag-republique-francaise"},"share_on_mastodon":{"url":"https:\/\/pubeurope.com\/@fr\/114648456314496024","error":""},"_links":{"self":[{"href":"https:\/\/www.europesays.com\/fr\/wp-json\/wp\/v2\/posts\/161181","targetHints":{"allow":["GET"]}}],"collection":[{"href":"https:\/\/www.europesays.com\/fr\/wp-json\/wp\/v2\/posts"}],"about":[{"href":"https:\/\/www.europesays.com\/fr\/wp-json\/wp\/v2\/types\/post"}],"author":[{"embeddable":true,"href":"https:\/\/www.europesays.com\/fr\/wp-json\/wp\/v2\/users\/2"}],"replies":[{"embeddable":true,"href":"https:\/\/www.europesays.com\/fr\/wp-json\/wp\/v2\/comments?post=161181"}],"version-history":[{"count":0,"href":"https:\/\/www.europesays.com\/fr\/wp-json\/wp\/v2\/posts\/161181\/revisions"}],"wp:featuredmedia":[{"embeddable":true,"href":"https:\/\/www.europesays.com\/fr\/wp-json\/wp\/v2\/media\/161182"}],"wp:attachment":[{"href":"https:\/\/www.europesays.com\/fr\/wp-json\/wp\/v2\/media?parent=161181"}],"wp:term":[{"taxonomy":"category","embeddable":true,"href":"https:\/\/www.europesays.com\/fr\/wp-json\/wp\/v2\/categories?post=161181"},{"taxonomy":"post_tag","embeddable":true,"href":"https:\/\/www.europesays.com\/fr\/wp-json\/wp\/v2\/tags?post=161181"}],"curies":[{"name":"wp","href":"https:\/\/api.w.org\/{rel}","templated":true}]}}