{"id":161183,"date":"2025-06-08T15:29:14","date_gmt":"2025-06-08T15:29:14","guid":{"rendered":"https:\/\/www.europesays.com\/fr\/161183\/"},"modified":"2025-06-08T15:29:14","modified_gmt":"2025-06-08T15:29:14","slug":"les-mercenaires-de-wagner-quittent-le-mali-et-laissent-la-place-a-africa-corps-controlee-par-le-ministere-russe-de-la-defense-liberation","status":"publish","type":"post","link":"https:\/\/www.europesays.com\/fr\/161183\/","title":{"rendered":"Les mercenaires de Wagner quittent le Mali et laissent la place \u00e0 Africa Corps, contr\u00f4l\u00e9e par le minist\u00e8re russe de la D\u00e9fense \u2013 Lib\u00e9ration"},"content":{"rendered":"<p class=\"sc-ksZaOG ehjQrN text-element\">Un d\u00e9part qui ne signe pas pour autant la fin de la pr\u00e9sence russe au Sahel. <a href=\"https:\/\/www.liberation.fr\/tags\/wagner\/\" target=\"_blank\" rel=\"noreferrer noopener\" title=\"https:\/\/www.liberation.fr\/tags\/wagner\/\">Le groupe paramilitaire russe Wagner<\/a> quitte le Mali, pays o\u00f9 il \u00e9tait pr\u00e9sent depuis 2021, ont annonc\u00e9 des sources diplomatiques et s\u00e9curitaires ce dimanche 8 juin. Un message publi\u00e9 vendredi 6 juin sur une cha\u00eene Telegram affili\u00e9e au groupe se f\u00e9licitait d\u00e9j\u00e0 de ce d\u00e9part : \u00abMission accomplie. Wagner rentre \u00e0 la maison\u00bb.<\/p>\n<p class=\"sc-ksZaOG ehjQrN text-element\">Les contingents du plus c\u00e9l\u00e8bre groupe de mercenaires russes, d\u00e9mantel\u00e9 et r\u00e9organis\u00e9 \u00e0 la suite de la <a href=\"https:\/\/www.liberation.fr\/international\/europe\/le-patron-de-wagner-evgueni-prigojine-mort-dans-le-crash-dun-avion-en-russie-20230823_WXDWE55YVBFUVFNGDAB3C3QPHY\/\" target=\"_blank\" rel=\"noreferrer noopener\" title=\"https:\/\/www.liberation.fr\/international\/europe\/le-patron-de-wagner-evgueni-prigojine-mort-dans-le-crash-dun-avion-en-russie-20230823_WXDWE55YVBFUVFNGDAB3C3QPHY\/\">mort de son chef Evgueni Prigojine en ao\u00fbt 2023,<\/a> seront alors r\u00e9int\u00e9gr\u00e9s au sein de son successeur, l\u2019Africa Corps. Cette organisation paramilitaire est directement plac\u00e9e sous la coupe du minist\u00e8re russe de la D\u00e9fense.<\/p>\n<p class=\"sc-ksZaOG ehjQrN text-element\">\u00abOfficiellement, Wagner<b> <\/b>arr\u00eate sa pr\u00e9sence au Mali. Mais Africa Corps prend le relais\u00bb, souligne une source diplomatique au Sahel. \u00abLe Kremlin reste ma\u00eetre du jeu\u00bb, nuance la m\u00eame source : \u00abL\u2019essentiel du personnel de Wagner<b> <\/b>au Mali et originaire de Russie sera r\u00e9int\u00e9gr\u00e9 au sein de Africa Corps et maintenu dans les chefs-lieux de r\u00e9gion du Nord et \u00e0 Bamako.\u00bb<\/p>\n<p class=\"sc-ksZaOG ehjQrN text-element\">Depuis les<a href=\"https:\/\/www.liberation.fr\/planete\/2020\/08\/19\/au-mali-le-coup-d-etat-majoritaire_1797247\/\" target=\"_blank\" rel=\"noreferrer noopener\" title=\"https:\/\/www.liberation.fr\/planete\/2020\/08\/19\/au-mali-le-coup-d-etat-majoritaire_1797247\/\"> deux coups d\u2019Etat en 2020 <\/a>et <a href=\"https:\/\/www.liberation.fr\/international\/afrique\/au-mali-les-putschistes-recidivent-20210525_HAJJLPHP6RBCDF6Z7KVRLIDELE\/\" target=\"_blank\" rel=\"noreferrer noopener\" title=\"https:\/\/www.liberation.fr\/international\/afrique\/au-mali-les-putschistes-recidivent-20210525_HAJJLPHP6RBCDF6Z7KVRLIDELE\/\">2021<\/a> qui ont port\u00e9 au pouvoir la junte dirig\u00e9e par le g\u00e9n\u00e9ral <a href=\"https:\/\/liberation.fr\/international\/afrique\/au-mali-le-discours-souverainiste-des-militaires-a-souleve-une-vague-despoir-sans-precedent-depuis-les-annees-90-20241204_QMDV3EV4WVCN3OQIYPSBUYCKHM\/\" target=\"_blank\" rel=\"noopener\" title=\"https:\/\/liberation.fr\/international\/afrique\/au-mali-le-discours-souverainiste-des-militaires-a-souleve-une-vague-despoir-sans-precedent-depuis-les-annees-90-20241204_QMDV3EV4WVCN3OQIYPSBUYCKHM\/\">Assimi Go\u00efta,<\/a> le Mali a d\u00e9cid\u00e9 de rompre son alliance avec l\u2019ancien colon fran\u00e7ais pour se tourner militairement et politiquement vers la Russie. Officiellement, le Mali n\u2019a pourtant jamais reconnu la pr\u00e9sence des mercenaires de Wagner, mais affirmait faire appel \u00e0 instructeurs russes.<\/p>\n<p class=\"sc-ksZaOG ehjQrN text-element\">\u00abWagner hier ou Africa Corps aujourd\u2019hui, notre interlocuteur reste le m\u00eame, c\u2019est le pouvoir central en Russie, c\u2019est-\u00e0-dire le Kremlin\u00bb, a r\u00e9agi une source s\u00e9curitaire malienne ce dimanche.<\/p>\n<p class=\"sc-ksZaOG ehjQrN text-element\">Une source militaire malienne confirme de son c\u00f4t\u00e9 poursuivre la \u00abcoop\u00e9ration militaire avec la Russie, Wagner ou pas\u00bb. \u00abLa Russie reste notre partenaire strat\u00e9gique en mati\u00e8re de coop\u00e9ration militaire\u00bb, a ajout\u00e9 cette source.<\/p>\n<p class=\"sc-ksZaOG ehjQrN text-element\">La plupart des op\u00e9rations s\u00e9curitaires en Afrique sont d\u00e9sormais coordonn\u00e9es par cette organisation paramilitaire, dont le nom est une r\u00e9f\u00e9rence directe \u00e0 l\u2019unit\u00e9 \u00abAfrikakorps\u00bb, bataillons du Reich ayant combattu dans le nord de l\u2019Afrique durant la Seconde Guerre mondiale. Les m\u00e9thodes brutales du groupe sur le terrain au Mali sont r\u00e9guli\u00e8rement d\u00e9nonc\u00e9es par des ONG de d\u00e9fense des droits humains.<\/p>\n","protected":false},"excerpt":{"rendered":"Un d\u00e9part qui ne signe pas pour autant la fin de la pr\u00e9sence russe au Sahel. Le groupe&hellip;\n","protected":false},"author":2,"featured_media":161184,"comment_status":"","ping_status":"","sticky":false,"template":"","format":"standard","meta":{"footnotes":""},"categories":[1591],"tags":[11,3188,1887,1136,12,1885,1886,132,8656],"class_list":{"0":"post-161183","1":"post","2":"type-post","3":"status-publish","4":"format-standard","5":"has-post-thumbnail","7":"category-russie","8":"tag-actualites","9":"tag-assimi-goita","10":"tag-federation-de-russie","11":"tag-mali","12":"tag-news","13":"tag-russia","14":"tag-russian-federation","15":"tag-russie","16":"tag-wagner"},"share_on_mastodon":{"url":"https:\/\/pubeurope.com\/@fr\/114648459777395375","error":""},"_links":{"self":[{"href":"https:\/\/www.europesays.com\/fr\/wp-json\/wp\/v2\/posts\/161183","targetHints":{"allow":["GET"]}}],"collection":[{"href":"https:\/\/www.europesays.com\/fr\/wp-json\/wp\/v2\/posts"}],"about":[{"href":"https:\/\/www.europesays.com\/fr\/wp-json\/wp\/v2\/types\/post"}],"author":[{"embeddable":true,"href":"https:\/\/www.europesays.com\/fr\/wp-json\/wp\/v2\/users\/2"}],"replies":[{"embeddable":true,"href":"https:\/\/www.europesays.com\/fr\/wp-json\/wp\/v2\/comments?post=161183"}],"version-history":[{"count":0,"href":"https:\/\/www.europesays.com\/fr\/wp-json\/wp\/v2\/posts\/161183\/revisions"}],"wp:featuredmedia":[{"embeddable":true,"href":"https:\/\/www.europesays.com\/fr\/wp-json\/wp\/v2\/media\/161184"}],"wp:attachment":[{"href":"https:\/\/www.europesays.com\/fr\/wp-json\/wp\/v2\/media?parent=161183"}],"wp:term":[{"taxonomy":"category","embeddable":true,"href":"https:\/\/www.europesays.com\/fr\/wp-json\/wp\/v2\/categories?post=161183"},{"taxonomy":"post_tag","embeddable":true,"href":"https:\/\/www.europesays.com\/fr\/wp-json\/wp\/v2\/tags?post=161183"}],"curies":[{"name":"wp","href":"https:\/\/api.w.org\/{rel}","templated":true}]}}