{"id":161193,"date":"2025-06-08T15:34:12","date_gmt":"2025-06-08T15:34:12","guid":{"rendered":"https:\/\/www.europesays.com\/fr\/161193\/"},"modified":"2025-06-08T15:34:12","modified_gmt":"2025-06-08T15:34:12","slug":"epargne-comment-fonctionnera-ce-nouveau-label-finance-europe-pour-investir-votre-argent-dans-leconomie-europeenne","status":"publish","type":"post","link":"https:\/\/www.europesays.com\/fr\/161193\/","title":{"rendered":"\u00c9pargne : comment fonctionnera ce nouveau label \u00ab Finance Europe\u00a0\u00bb pour investir votre argent dans l&rsquo;\u00e9conomie europ\u00e9enne"},"content":{"rendered":"<p>Comme un air de \u00ab\u00a0Made in Europe\u00a0\u00bb. Ce jeudi 5\u00a0juin, le ministre de l\u2019\u00c9conomie et des Finances, \u00c9ric Lombard, accompagn\u00e9 de repr\u00e9sentants de 6 \u00c9tats membres de l\u2019UE (Espagne, Allemagne, Estonie, Luxembourg, Pays-Bas, Portugal), ont lanc\u00e9 \u00e0 Paris le label \u00ab\u00a0Finance Europe\u00a0\u00bb. Objectif\u00a0: faire en sorte que \u00ab\u00a0l\u2019\u00e9pargne des Europ\u00e9ens contribue au financement de l\u2019\u00e9conomie europ\u00e9enne\u00a0\u00bb.<\/p>\n<p>Un matelas de 35\u00a0000\u00a0milliards d\u2019euros<\/p>\n<p>Un sujet d\u2019autant plus s\u00e9rieux qu\u2019il s\u2019agit ici de faire main basse sur le joli magot que repr\u00e9sente l\u2019\u00e9pargne des citoyens europ\u00e9ens. \u00ab\u00a0Avec pr\u00e8s de 35\u00a0000\u00a0milliards d\u2019euros d\u2019\u00e9pargne, les Europ\u00e9ens disposent d\u2019un formidable levier pour soutenir l\u2019\u00e9conomie, la croissance et l\u2019innovation dans l\u2019Union europ\u00e9enne\u00a0\u00bb, pr\u00e9cise Bercy dans un <a href=\"https:\/\/www.economie.gouv.fr\/actualites\/financer-leconomie-europeenne-avec-le-label-europeen-finance-europe\" target=\"_blank\" rel=\"external noopener\">communiqu\u00e9 de presse.<\/a><\/p>\n<p>Un \u00ab\u00a0atout strat\u00e9gique\u00a0\u00bb pour l\u2019Europe qui cherche \u00e0 accro\u00eetre sa comp\u00e9titivit\u00e9 et son autonomie \u00e0 l\u2019international, mais qui reste toutefois \u00ab\u00a0insuffisamment utilis\u00e9\u00a0\u00bb, a regrett\u00e9 \u00c9ric Lombard lors de son discours. Pour y rem\u00e9dier, les partenaires europ\u00e9ens ont choisi de lancer le label \u00ab\u00a0Finance Europe\u00a0\u00bb qui doit permettre d\u2019augmenter \u00ab\u00a0la capacit\u00e9 de l\u2019Union \u00e0 financer ses grandes priorit\u00e9s strat\u00e9giques, telles que l\u2019innovation, les transitions \u00e9cologique et num\u00e9rique, la d\u00e9fense et son autonomie strat\u00e9gique\u00a0\u00bb, pr\u00e9cise le communiqu\u00e9 du minist\u00e8re.<\/p>\n<p>Quels produits financiers pourront \u00eatre estampill\u00e9s \u00ab\u00a0Finance Europe\u00a0\u00bb\u00a0?<\/p>\n<p>Concr\u00e8tement, le label doit offrir \u00ab\u00a0aux investisseurs une solution claire et fiable pour identifier les placements contribuant directement au financement de l\u2019\u00e9conomie europ\u00e9enne\u00a0\u00bb.<\/p>\n<p>Pour pouvoir afficher le fameux label, les produits d\u2019\u00e9pargne devront r\u00e9pondre \u00e0 l\u2019ensemble de ces crit\u00e8res\u00a0:<\/p>\n<ul class=\"my-3\">\n<li class=\"lg:text-lg text-base list-disc\">Proposer des actifs du portefeuille orient\u00e9s \u00e0 au moins 70\u00a0% vers les entreprises europ\u00e9ennes\u00a0;<\/li>\n<li class=\"lg:text-lg text-base list-disc\">Comporter une incitation \u00e0 la d\u00e9tention de long terme\u00a0;<\/li>\n<li class=\"lg:text-lg text-base list-disc\">Avoir une part substantielle de fonds propres, sans garantie en capital, pour favoriser l\u2019investissement productif contribuant \u00e0 la croissance de l\u2019\u00e9conomie.<\/li>\n<\/ul>\n<p>En plus de ces crit\u00e8res d\u2019\u00e9ligibilit\u00e9, chaque pays sera libre de proposer ses propres \u00ab\u00a0incitations fiscales afin d\u2019en garantir l\u2019attractivit\u00e9\u00a0\u00bb.<\/p>\n<p>\u00c0 noter que les investisseurs potentiels ne pourront b\u00e9n\u00e9ficier de garantie sur leur capital, qui restera donc soumis aux risques de pertes inh\u00e9rentes au march\u00e9 boursier.<\/p>\n<p>Un succ\u00e8s d\u00e9pendant des banques et institutions financi\u00e8res<\/p>\n<p>Les produits estampill\u00e9s avec ce label pourront \u00eatre distribu\u00e9s par les banques et acteurs financiers avec un contr\u00f4le effectu\u00e9 par les<strong>\u00a0<\/strong>autorit\u00e9s nationales afin de s\u2019assurer du respect des crit\u00e8res et donc de \u00ab\u00a0la transparence et la cr\u00e9dibilit\u00e9 du label\u00a0\u00bb.<\/p>\n<p>Le sort du label \u00ab\u00a0Finance Europe\u00a0\u00bb semble donc laiss\u00e9 aux mains des \u00e9tablissements et institutions financi\u00e8res. \u00ab\u00a0Soyons clairs\u00a0: ce label restera une d\u00e9claration politique si vous ne le concr\u00e9tisez pas. Il vous appartiendra, soci\u00e9t\u00e9s financi\u00e8res, repr\u00e9sentants des consommateurs et institutions financi\u00e8res, de promouvoir ces produits d\u2019\u00e9pargne aupr\u00e8s du public et de faire de ce label un succ\u00e8s\u00a0\u00bb, a ainsi pr\u00e9venu le locataire de Bercy. Une d\u00e9claration qui fait \u00e9cho \u00e0 l\u2019\u00e9chec du <a href=\"https:\/\/www.mercipourlinfo.fr\/actualites\/bientot-un-plan-depargne-retraite-europeen-351831\" target=\"_blank\" rel=\"noopener\">Pan-European Personal Pension (PEPP)<\/a> lanc\u00e9 de concert avec les partenaires europ\u00e9ens en 2022.<\/p>\n<p>Selon les estimations avanc\u00e9es par Bercy, le lancement du label \u00ab\u00a0Finance Europe\u00a0\u00bb pourrait avoir lieu avec 2026 comme horizon.<\/p>\n","protected":false},"excerpt":{"rendered":"Comme un air de \u00ab\u00a0Made in Europe\u00a0\u00bb. Ce jeudi 5\u00a0juin, le ministre de l\u2019\u00c9conomie et des Finances, \u00c9ric&hellip;\n","protected":false},"author":2,"featured_media":161194,"comment_status":"","ping_status":"","sticky":false,"template":"","format":"standard","meta":{"footnotes":""},"categories":[1586],"tags":[11,1261,589,1777,674,1011,27,12,1118,25,16530,364],"class_list":{"0":"post-161193","1":"post","2":"type-post","3":"status-publish","4":"format-standard","5":"has-post-thumbnail","7":"category-europe","8":"tag-actualites","9":"tag-argent","10":"tag-epargne","11":"tag-eu","12":"tag-europe","13":"tag-fr","14":"tag-france","15":"tag-news","16":"tag-placement","17":"tag-republique-francaise","18":"tag-um_mpi","19":"tag-union-europeenne"},"share_on_mastodon":{"url":"https:\/\/pubeurope.com\/@fr\/114648479511664989","error":""},"_links":{"self":[{"href":"https:\/\/www.europesays.com\/fr\/wp-json\/wp\/v2\/posts\/161193","targetHints":{"allow":["GET"]}}],"collection":[{"href":"https:\/\/www.europesays.com\/fr\/wp-json\/wp\/v2\/posts"}],"about":[{"href":"https:\/\/www.europesays.com\/fr\/wp-json\/wp\/v2\/types\/post"}],"author":[{"embeddable":true,"href":"https:\/\/www.europesays.com\/fr\/wp-json\/wp\/v2\/users\/2"}],"replies":[{"embeddable":true,"href":"https:\/\/www.europesays.com\/fr\/wp-json\/wp\/v2\/comments?post=161193"}],"version-history":[{"count":0,"href":"https:\/\/www.europesays.com\/fr\/wp-json\/wp\/v2\/posts\/161193\/revisions"}],"wp:featuredmedia":[{"embeddable":true,"href":"https:\/\/www.europesays.com\/fr\/wp-json\/wp\/v2\/media\/161194"}],"wp:attachment":[{"href":"https:\/\/www.europesays.com\/fr\/wp-json\/wp\/v2\/media?parent=161193"}],"wp:term":[{"taxonomy":"category","embeddable":true,"href":"https:\/\/www.europesays.com\/fr\/wp-json\/wp\/v2\/categories?post=161193"},{"taxonomy":"post_tag","embeddable":true,"href":"https:\/\/www.europesays.com\/fr\/wp-json\/wp\/v2\/tags?post=161193"}],"curies":[{"name":"wp","href":"https:\/\/api.w.org\/{rel}","templated":true}]}}