{"id":161210,"date":"2025-06-08T15:46:09","date_gmt":"2025-06-08T15:46:09","guid":{"rendered":"https:\/\/www.europesays.com\/fr\/161210\/"},"modified":"2025-06-08T15:46:09","modified_gmt":"2025-06-08T15:46:09","slug":"direct-maxime-rio-nouveau-champion-de-bretagne-a-brech","status":"publish","type":"post","link":"https:\/\/www.europesays.com\/fr\/161210\/","title":{"rendered":"DIRECT &#8211; Maxime Rio nouveau champion de Bretagne \u00e0 Brec\u2019h"},"content":{"rendered":"<p><strong>Km 86\/156.<\/strong> 14 coureurs (Louis Allain, L\u00e9o Boileau (SportBreizh), Gabriel Gar\u00e7on (Morlaix), Titouan Favennec, Maxime Rio (Briec), Maximilien Hamonic, Th\u00e9o Josso (Adris La Cr\u00eape), Kylian Breton, Loris Mahoudo, Edwin Mercier (VCP Loud\u00e9ac), Florian Gaillard, Edgar Laurensot (Dinan), Victor Dr\u00e9ano (VCP Lorient)) sont devant et ont r\u00e9ussi \u00e0 prendre 40 secondes d\u2019avance. Est-ce la bonne, cette fois ?<\/p>\n","protected":false},"excerpt":{"rendered":"Km 86\/156. 14 coureurs (Louis Allain, L\u00e9o Boileau (SportBreizh), Gabriel Gar\u00e7on (Morlaix), Titouan Favennec, Maxime Rio (Briec), Maximilien&hellip;\n","protected":false},"author":2,"featured_media":161211,"comment_status":"","ping_status":"","sticky":false,"template":"","format":"standard","meta":{"footnotes":""},"categories":[1411],"tags":[11,29294,1154,207,765,3166,1011,27,60],"class_list":{"0":"post-161210","1":"post","2":"type-post","3":"status-publish","4":"format-standard","5":"has-post-thumbnail","7":"category-cyclisme","8":"tag-actualites","9":"tag-brech","10":"tag-cycling","11":"tag-cyclisme","12":"tag-en-continu","13":"tag-en-continu-sports","14":"tag-fr","15":"tag-france","16":"tag-sports"},"share_on_mastodon":{"url":"https:\/\/pubeurope.com\/@fr\/114648526577217045","error":""},"_links":{"self":[{"href":"https:\/\/www.europesays.com\/fr\/wp-json\/wp\/v2\/posts\/161210","targetHints":{"allow":["GET"]}}],"collection":[{"href":"https:\/\/www.europesays.com\/fr\/wp-json\/wp\/v2\/posts"}],"about":[{"href":"https:\/\/www.europesays.com\/fr\/wp-json\/wp\/v2\/types\/post"}],"author":[{"embeddable":true,"href":"https:\/\/www.europesays.com\/fr\/wp-json\/wp\/v2\/users\/2"}],"replies":[{"embeddable":true,"href":"https:\/\/www.europesays.com\/fr\/wp-json\/wp\/v2\/comments?post=161210"}],"version-history":[{"count":0,"href":"https:\/\/www.europesays.com\/fr\/wp-json\/wp\/v2\/posts\/161210\/revisions"}],"wp:featuredmedia":[{"embeddable":true,"href":"https:\/\/www.europesays.com\/fr\/wp-json\/wp\/v2\/media\/161211"}],"wp:attachment":[{"href":"https:\/\/www.europesays.com\/fr\/wp-json\/wp\/v2\/media?parent=161210"}],"wp:term":[{"taxonomy":"category","embeddable":true,"href":"https:\/\/www.europesays.com\/fr\/wp-json\/wp\/v2\/categories?post=161210"},{"taxonomy":"post_tag","embeddable":true,"href":"https:\/\/www.europesays.com\/fr\/wp-json\/wp\/v2\/tags?post=161210"}],"curies":[{"name":"wp","href":"https:\/\/api.w.org\/{rel}","templated":true}]}}