{"id":161212,"date":"2025-06-08T15:47:09","date_gmt":"2025-06-08T15:47:09","guid":{"rendered":"https:\/\/www.europesays.com\/fr\/161212\/"},"modified":"2025-06-08T15:47:09","modified_gmt":"2025-06-08T15:47:09","slug":"psg-nasser-al-khelaifi-revele-la-strategie-de-luis-enrique-pour-le-mercato","status":"publish","type":"post","link":"https:\/\/www.europesays.com\/fr\/161212\/","title":{"rendered":"PSG, Nasser Al-Khelaifi r\u00e9v\u00e8le la strat\u00e9gie de Luis Enrique pour le mercato"},"content":{"rendered":"<p data-testid=\"article-teaser\">Le pr\u00e9sident du PSG, Nasser Al-Khelaifi, a d\u00e9voil\u00e9 dimanche, le r\u00f4le de Luis Enrique dans le mercato du club parisien.<\/p>\n<p>Le Paris Saint-Germain, aur\u00e9ol\u00e9 de son premier sacre en Ligue des Champions, s\u2019appr\u00eate \u00e0 vivre un mercato pas comme les autres. Derri\u00e8re ce succ\u00e8s historique, une m\u00e9thode : celle de Luis Enrique. Nasser Al-Khelaifi, en d\u00e9placement au Qatar, a lev\u00e9 le voile sur les rouages d\u2019une politique de recrutement strictement encadr\u00e9e par l\u2019entra\u00eeneur espagnol. Exit les stars vieillissantes, place aux jeunes talents. Une strat\u00e9gie assum\u00e9e, qui tranche avec les habitudes du pass\u00e9.<\/p>\n<p>L&rsquo;article continue ci-dessous<\/p>\n","protected":false},"excerpt":{"rendered":"Le pr\u00e9sident du PSG, Nasser Al-Khelaifi, a d\u00e9voil\u00e9 dimanche, le r\u00f4le de Luis Enrique dans le mercato du&hellip;\n","protected":false},"author":2,"featured_media":161213,"comment_status":"","ping_status":"","sticky":false,"template":"","format":"standard","meta":{"footnotes":""},"categories":[1410],"tags":[29295,18645,28918,63,1011,27,66,921,1434,91,29296,60,28401],"class_list":{"0":"post-161212","1":"post","2":"type-post","3":"status-publish","4":"format-standard","5":"has-post-thumbnail","7":"category-football","8":"tag-atletico-madrid","9":"tag-coupe-du-monde-des-clubs-fifa","10":"tag-fifa-club-world-cup","11":"tag-football","12":"tag-fr","13":"tag-france","14":"tag-ligue-1","15":"tag-luis-enrique","16":"tag-mercato","17":"tag-paris-saint-germain","18":"tag-paris-saint-germain-vs-atletico-madrid","19":"tag-sports","20":"tag-transfers"},"share_on_mastodon":{"url":"https:\/\/pubeurope.com\/@fr\/114648530557589952","error":""},"_links":{"self":[{"href":"https:\/\/www.europesays.com\/fr\/wp-json\/wp\/v2\/posts\/161212","targetHints":{"allow":["GET"]}}],"collection":[{"href":"https:\/\/www.europesays.com\/fr\/wp-json\/wp\/v2\/posts"}],"about":[{"href":"https:\/\/www.europesays.com\/fr\/wp-json\/wp\/v2\/types\/post"}],"author":[{"embeddable":true,"href":"https:\/\/www.europesays.com\/fr\/wp-json\/wp\/v2\/users\/2"}],"replies":[{"embeddable":true,"href":"https:\/\/www.europesays.com\/fr\/wp-json\/wp\/v2\/comments?post=161212"}],"version-history":[{"count":0,"href":"https:\/\/www.europesays.com\/fr\/wp-json\/wp\/v2\/posts\/161212\/revisions"}],"wp:featuredmedia":[{"embeddable":true,"href":"https:\/\/www.europesays.com\/fr\/wp-json\/wp\/v2\/media\/161213"}],"wp:attachment":[{"href":"https:\/\/www.europesays.com\/fr\/wp-json\/wp\/v2\/media?parent=161212"}],"wp:term":[{"taxonomy":"category","embeddable":true,"href":"https:\/\/www.europesays.com\/fr\/wp-json\/wp\/v2\/categories?post=161212"},{"taxonomy":"post_tag","embeddable":true,"href":"https:\/\/www.europesays.com\/fr\/wp-json\/wp\/v2\/tags?post=161212"}],"curies":[{"name":"wp","href":"https:\/\/api.w.org\/{rel}","templated":true}]}}