{"id":161235,"date":"2025-06-08T15:59:09","date_gmt":"2025-06-08T15:59:09","guid":{"rendered":"https:\/\/www.europesays.com\/fr\/161235\/"},"modified":"2025-06-08T15:59:09","modified_gmt":"2025-06-08T15:59:09","slug":"le-groupe-paramilitaire-russe-wagner-quitte-le-pays-remplace-par-africa-corps","status":"publish","type":"post","link":"https:\/\/www.europesays.com\/fr\/161235\/","title":{"rendered":"le groupe paramilitaire russe Wagner quitte le pays, remplac\u00e9 par Africa Corps"},"content":{"rendered":"<p>\u00abLe Kremlin reste ma\u00eetre du jeu\u00bb, indique une source diplomatique au Sahel alors que l\u2019Africa Corps, une autre organisation russe, sera prochainement int\u00e9gr\u00e9e au Mali.<\/p>\n<p class=\"fig-paragraph\">Le groupe paramilitaire russe Wagner quitte le Mali, o\u00f9 il \u00e9tait pr\u00e9sent depuis 2021, et ses contingents seront r\u00e9int\u00e9gr\u00e9s au sein de son successeur, l\u2019<a href=\"http:\/\/www.lefigaro.fr\/international\/niger-les-instructeurs-russes-d-africa-corps-sont-arrives-a-niamey-20240412\" data-fig-type=\"NewsFlash\" data-gtm-custom-categorie=\"navigation\" data-gtm-custom-action=\"crossclick\" data-gtm-custom-label=\"Contextuel\" data-gtm-event=\"customEventSPE\" data-fig-domain=\"LEFIGARO\" rel=\"nofollow noopener\" target=\"_blank\">Africa Corps<\/a>, une autre organisation russe, ont confirm\u00e9 des sources diplomatiques et s\u00e9curitaires \u00e0 l\u2019AFP dimanche. Depuis les deux coups d\u2019\u00c9tat en 2020 et 2021 qui ont port\u00e9 au pouvoir la junte dirig\u00e9e par le g\u00e9n\u00e9ral Assimi Go\u00efta, le Mali a rompu l\u2019alliance avec l\u2019ancien colon fran\u00e7ais pour se tourner militairement et politiquement vers la Russie.<\/p>\n<p class=\"fig-paragraph\">\u00abOfficiellement,\u00a0<a href=\"http:\/\/www.lefigaro.fr\/flash-actu\/six-hommes-accuses-d-avoir-organise-un-incendie-au-profit-du-groupe-wagner-juges-a-londres-20250604\" data-fig-type=\"NewsFlash\" data-gtm-custom-categorie=\"navigation\" data-gtm-custom-action=\"crossclick\" data-gtm-custom-label=\"Contextuel\" data-gtm-event=\"customEventSPE\" data-fig-domain=\"LEFIGARO\" rel=\"nofollow noopener\" target=\"_blank\">Wagner\u00a0<\/a> arr\u00eate sa pr\u00e9sence au Mali. Mais Africa Corps prend le relais\u00bb, a indiqu\u00e9 une source diplomatique au Sahel \u00e0 l\u2019AFP dimanche. Un message publi\u00e9 vendredi sur une cha\u00eene Telegram affili\u00e9e au groupe se f\u00e9licitait\u00a0: \u00abMission accomplie. La PMC \u201cWagner\u201d rentre \u00e0 la maison\u00bb<\/p>\n<p class=\"fig-paragraph\">\u00abLe Kremlin reste ma\u00eetre du jeu\u00bb, poursuit la m\u00eame source diplomatique\u00a0: \u00abL\u2019essentiel du personnel de Wagner au Mali et originaire de Russie sera r\u00e9int\u00e9gr\u00e9 au sein de Africa Corps et maintenu dans les chefs-lieux de r\u00e9gion du Nord et \u00e0 Bamako.\u00bb<\/p>\n<p>\u00abLa Russie reste notre partenaire\u00bb<\/p>\n<p class=\"fig-paragraph\">Officiellement, le Mali n\u2019a jamais reconnu la pr\u00e9sence des mercenaires de Wagner mais affirmait faire appel \u00e0 instructeurs russes. \u00abWagner hier ou Africa Corps aujourd\u2019hui, notre interlocuteur reste le m\u00eame, c\u2019est le pouvoir central en Russie, c\u2019est-\u00e0-dire le Kremlin\u00bb, a r\u00e9agi une source s\u00e9curitaire malienne dimanche.<\/p>\n<p class=\"fig-paragraph\">Une source militaire malienne confirme poursuivre la \u00abcoop\u00e9ration militaire avec la Russie, Wagner ou pas\u00bb. \u00abLa Russie reste notre partenaire strat\u00e9gique en mati\u00e8re de coop\u00e9ration militaire\u00bb, a ajout\u00e9 cette source.<\/p>\n<p class=\"fig-paragraph\">Wagner, le plus c\u00e9l\u00e8bre groupe de mercenaires russes, a \u00e9t\u00e9 d\u00e9mantel\u00e9 et r\u00e9organis\u00e9 \u00e0 la suite de la mort de son chef\u00a0<a href=\"http:\/\/www.lefigaro.fr\/international\/centrafrique-une-statue-d-evgueni-prigojine-ex-patron-de-wagner-inauguree-a-bangui-20241205\" data-fig-type=\"NewsFlash\" data-gtm-custom-categorie=\"navigation\" data-gtm-custom-action=\"crossclick\" data-gtm-custom-label=\"Contextuel\" data-gtm-event=\"customEventSPE\" data-fig-domain=\"LEFIGARO\" rel=\"nofollow noopener\" target=\"_blank\">Evgu\u00e9ni Prigojine<\/a>\u00a0en ao\u00fbt 2023, dans un myst\u00e9rieux accident d\u2019avion. La plupart des op\u00e9rations s\u00e9curitaires en Afrique sont d\u00e9sormais coordonn\u00e9es par l\u2019Africa Corps. Les m\u00e9thodes brutales du groupe paramilitaire sur le terrain au Mali sont r\u00e9guli\u00e8rement d\u00e9nonc\u00e9es par des ONG de d\u00e9fense des droits humains.<\/p>\n","protected":false},"excerpt":{"rendered":"\u00abLe Kremlin reste ma\u00eetre du jeu\u00bb, indique une source diplomatique au Sahel alors que l\u2019Africa Corps, une autre&hellip;\n","protected":false},"author":2,"featured_media":161236,"comment_status":"","ping_status":"","sticky":false,"template":"","format":"standard","meta":{"footnotes":""},"categories":[5],"tags":[259,11,260,1011,27,14,1136,261,12,262,132,28],"class_list":{"0":"post-161235","1":"post","2":"type-post","3":"status-publish","4":"format-standard","5":"has-post-thumbnail","7":"category-international","8":"tag-actualite-internationale","9":"tag-actualites","10":"tag-affaires-etrangeres","11":"tag-fr","12":"tag-france","13":"tag-international","14":"tag-mali","15":"tag-ministere-des-affaires-etrangeres","16":"tag-news","17":"tag-politique-etrangere","18":"tag-russie","19":"tag-world"},"share_on_mastodon":{"url":"https:\/\/pubeurope.com\/@fr\/114648577792551839","error":""},"_links":{"self":[{"href":"https:\/\/www.europesays.com\/fr\/wp-json\/wp\/v2\/posts\/161235","targetHints":{"allow":["GET"]}}],"collection":[{"href":"https:\/\/www.europesays.com\/fr\/wp-json\/wp\/v2\/posts"}],"about":[{"href":"https:\/\/www.europesays.com\/fr\/wp-json\/wp\/v2\/types\/post"}],"author":[{"embeddable":true,"href":"https:\/\/www.europesays.com\/fr\/wp-json\/wp\/v2\/users\/2"}],"replies":[{"embeddable":true,"href":"https:\/\/www.europesays.com\/fr\/wp-json\/wp\/v2\/comments?post=161235"}],"version-history":[{"count":0,"href":"https:\/\/www.europesays.com\/fr\/wp-json\/wp\/v2\/posts\/161235\/revisions"}],"wp:featuredmedia":[{"embeddable":true,"href":"https:\/\/www.europesays.com\/fr\/wp-json\/wp\/v2\/media\/161236"}],"wp:attachment":[{"href":"https:\/\/www.europesays.com\/fr\/wp-json\/wp\/v2\/media?parent=161235"}],"wp:term":[{"taxonomy":"category","embeddable":true,"href":"https:\/\/www.europesays.com\/fr\/wp-json\/wp\/v2\/categories?post=161235"},{"taxonomy":"post_tag","embeddable":true,"href":"https:\/\/www.europesays.com\/fr\/wp-json\/wp\/v2\/tags?post=161235"}],"curies":[{"name":"wp","href":"https:\/\/api.w.org\/{rel}","templated":true}]}}