{"id":161239,"date":"2025-06-08T16:01:10","date_gmt":"2025-06-08T16:01:10","guid":{"rendered":"https:\/\/www.europesays.com\/fr\/161239\/"},"modified":"2025-06-08T16:01:10","modified_gmt":"2025-06-08T16:01:10","slug":"altman-thiel-eberhard-musk-grand-habitue-des-brouilles-bien-avant-sa-rupture-avec-trump","status":"publish","type":"post","link":"https:\/\/www.europesays.com\/fr\/161239\/","title":{"rendered":"Altman, Thiel, Eberhard&#8230; Musk, grand habitu\u00e9 des brouilles, bien avant sa rupture avec Trump"},"content":{"rendered":"<p><strong>R\u00c9CIT <\/strong>&#8211; Tout au long de sa carri\u00e8re, le milliardaire s\u2019est mis \u00e0 dos des partenaires en affaires, pour la plupart cofondateurs de ses entreprises \u00e0 succ\u00e8s. Son conflit spectaculaire avec le pr\u00e9sident am\u00e9ricain n\u2019est que le dernier exemple en date.<\/p>\n<p class=\"fig-paragraph\">Spectaculaire, mais pas forc\u00e9ment inattendue. La\u00a0<a href=\"http:\/\/www.lefigaro.fr\/international\/meme-l-avocat-d-epstein-a-dit-que-je-n-avais-rien-a-voir-avec-cela-donald-trump-se-defend-apres-les-accusations-d-elon-musk-20250607\" data-fig-type=\"NewsFlash\" data-gtm-custom-categorie=\"navigation\" data-gtm-custom-action=\"crossclick\" data-gtm-custom-label=\"Contextuel\" data-gtm-event=\"customEventSPE\" data-fig-domain=\"LEFIGARO\" target=\"_blank\" rel=\"noopener\">rupture politique et \u00e9conomique<\/a>\u00a0entre Donald Trump et l\u2019homme d\u2019affaires Elon Musk, l\u2019un des principaux financeurs de sa campagne, sid\u00e8re le monde par sa violence et sa soudainet\u00e9. Mais plusieurs observateurs l\u2019avaient pr\u00e9vue. Le patron de X, SpaceX et Tesla finit n\u2019en est en effet pas \u00e0 son coup d\u2019essai en mati\u00e8re de conflits professionnels. Comme le rappelle le\u00a0<a href=\"https:\/\/www.washingtonpost.com\/business\/2025\/06\/06\/musk-breakups-altman-thiel\/\" target=\"_blank\" rel=\"noopener\" data-gtm-custom-categorie=\"navigation\" data-gtm-custom-action=\"crossclick\" data-gtm-custom-label=\"Contextuel\" data-gtm-event=\"customEventSPE\">Washington Post<\/a>, le milliardaire s\u2019est souvent mis \u00e0 dos des partenaires en affaires, pour la plupart cofondateurs de ses entreprises \u00e0 succ\u00e8s. Tour d\u2019horizon.<\/p>\n<p>Richard Sorkin, le PDG renvers\u00e9 de Zip2<\/p>\n<p class=\"fig-paragraph\">C\u2019est en quelque sorte la premi\u00e8re brouille de la carri\u00e8re d\u2019Elon Musk. Avant de faire fortune avec PayPal, Space X ou Tesla, le natif de Pretoria (Afrique du Sud) d\u00e9bute en affaires au milieu des ann\u00e9es 1990 en cofondant la soci\u00e9t\u00e9 de logiciels Global Link avec son fr\u00e8re, Kimbal Musk. En 1996, l\u2019entreprise change de nom et devient Zip2 sous l\u2019impulsion d\u2019un investisseur, qui nomme Elon Musk au poste de directeur de la technologie\u2026<\/p>\n<p class=\"fig-premium-paywall__infos\">\n        Cet article est r\u00e9serv\u00e9 aux abonn\u00e9s.        Il vous reste 77% \u00e0 d\u00e9couvrir.\n    <\/p>\n<p>                <img  data- alt=\"Le Figaro\" class=\"fig-img--complete fig-img\"\/><\/p>\n<p class=\"fig-premium-paywall__title\">Vente Flash<\/p>\n<p class=\"fig-premium-paywall__subtitle\">3,99\u20ac par mois pendant 12 mois. Sans engagement.<\/p>\n<p class=\"fig-premium-paywall__connect\">\n                D\u00e9j\u00e0 abonn\u00e9\u00a0?                <a class=\"fig-premium-paywall__connect-link\" href=\"https:\/\/connect.lefigaro.fr\/login?client=horizon_web&amp;type=main&amp;redirect_uri=https%3A%2F%2Fwww.lefigaro.fr%2Fconjoncture%2Faltman-thiel-eberhard-musk-grand-habitue-des-brouilles-bien-avant-sa-rupture-avec-trump-20250608\" data-js-gtm=\"{&quot;customCategorie&quot;: &quot;conversion&quot;, &quot;customAction&quot;: &quot;before_Landing_Connexion_paywall_auto&quot;, &quot;customLabel&quot;: &quot;bGVmaWdhcm8uZnJfXzFmMDQ0NDdjLTYzZGYtNjRkNC1iOGI3LTlkYjRlZmM4ZmVhM19fTmV3c0ZsYXNo_Altman, Thiel, Eberhard... Musk, grand habitu\u00e9 des brouilles, bien avant sa rupture avec Trump_426&quot;, &quot;customIDSPE&quot;: &quot;bGVmaWdhcm8uZnJfXzFmMDQ0NDdjLTYzZGYtNjRkNC1iOGI3LTlkYjRlZmM4ZmVhM19fTmV3c0ZsYXNo&quot;, &quot;event&quot;: &quot;customEventSPE&quot;}\" target=\"_blank\" rel=\"noopener\"><br \/>\n                    Connectez-vous<br \/>\n                <\/a>\n            <\/p>\n","protected":false},"excerpt":{"rendered":"R\u00c9CIT &#8211; Tout au long de sa carri\u00e8re, le milliardaire s\u2019est mis \u00e0 dos des partenaires en affaires,&hellip;\n","protected":false},"author":2,"featured_media":161240,"comment_status":"","ping_status":"","sticky":false,"template":"","format":"standard","meta":{"footnotes":""},"categories":[2],"tags":[339,11,340,343,345,350,130,344,352,349,75,33,46,341,313,1011,27,346,342,353,351,347,12,29297,348,354],"class_list":{"0":"post-161239","1":"post","2":"type-post","3":"status-publish","4":"format-standard","5":"has-post-thumbnail","7":"category-actualites","8":"tag-actualite-economique","9":"tag-actualites","10":"tag-bourse","11":"tag-cac-40","12":"tag-chef-dentreprise","13":"tag-concurrence","14":"tag-consommation","15":"tag-creation-dentreprise","16":"tag-crise","17":"tag-delocalisations","18":"tag-donald-trump","19":"tag-economie","20":"tag-elon-musk","21":"tag-emploi","22":"tag-entreprises","23":"tag-fr","24":"tag-france","25":"tag-grands-patrons","26":"tag-impots","27":"tag-licenciements","28":"tag-monopole","29":"tag-multinationales","30":"tag-news","31":"tag-peter-thiel","32":"tag-privatisation","33":"tag-unio"},"share_on_mastodon":{"url":"https:\/\/pubeurope.com\/@fr\/114648585542216259","error":""},"_links":{"self":[{"href":"https:\/\/www.europesays.com\/fr\/wp-json\/wp\/v2\/posts\/161239","targetHints":{"allow":["GET"]}}],"collection":[{"href":"https:\/\/www.europesays.com\/fr\/wp-json\/wp\/v2\/posts"}],"about":[{"href":"https:\/\/www.europesays.com\/fr\/wp-json\/wp\/v2\/types\/post"}],"author":[{"embeddable":true,"href":"https:\/\/www.europesays.com\/fr\/wp-json\/wp\/v2\/users\/2"}],"replies":[{"embeddable":true,"href":"https:\/\/www.europesays.com\/fr\/wp-json\/wp\/v2\/comments?post=161239"}],"version-history":[{"count":0,"href":"https:\/\/www.europesays.com\/fr\/wp-json\/wp\/v2\/posts\/161239\/revisions"}],"wp:featuredmedia":[{"embeddable":true,"href":"https:\/\/www.europesays.com\/fr\/wp-json\/wp\/v2\/media\/161240"}],"wp:attachment":[{"href":"https:\/\/www.europesays.com\/fr\/wp-json\/wp\/v2\/media?parent=161239"}],"wp:term":[{"taxonomy":"category","embeddable":true,"href":"https:\/\/www.europesays.com\/fr\/wp-json\/wp\/v2\/categories?post=161239"},{"taxonomy":"post_tag","embeddable":true,"href":"https:\/\/www.europesays.com\/fr\/wp-json\/wp\/v2\/tags?post=161239"}],"curies":[{"name":"wp","href":"https:\/\/api.w.org\/{rel}","templated":true}]}}