{"id":161245,"date":"2025-06-08T16:04:26","date_gmt":"2025-06-08T16:04:26","guid":{"rendered":"https:\/\/www.europesays.com\/fr\/161245\/"},"modified":"2025-06-08T16:04:26","modified_gmt":"2025-06-08T16:04:26","slug":"ferrieres-mariage-adrien-et-coralie","status":"publish","type":"post","link":"https:\/\/www.europesays.com\/fr\/161245\/","title":{"rendered":"Ferri\u00e8res | Mariage. Adrien et Coralie"},"content":{"rendered":"<p>Ce samedi, Bernard Leheux, maire, a re\u00e7u le consentement mutuel d\u2019Adrien Weiss, vendeur livreur, et de Coralie Notaire, aide \u00e0 domicile, en pr\u00e9sence de leurs enfants, Elena et Ambre, et d\u2019une foule de parents et amis.<\/p>\n<p>Le jeune couple est domicili\u00e9 rue des Prairi\u00e8res \u00e0 Ferri\u00e8res, et est tr\u00e8s investi dans la vie associative de la commune.<\/p>\n<p>Nos v\u0153ux de bonheur.<\/p>\n","protected":false},"excerpt":{"rendered":"Ce samedi, Bernard Leheux, maire, a re\u00e7u le consentement mutuel d\u2019Adrien Weiss, vendeur livreur, et de Coralie Notaire,&hellip;\n","protected":false},"author":2,"featured_media":161246,"comment_status":"","ping_status":"","sticky":false,"template":"","format":"standard","meta":{"footnotes":""},"categories":[9635],"tags":[1111,11,9223,9652,1704,1777,674,29298,1011,27,775,1930,1702,12,25,104],"class_list":{"0":"post-161245","1":"post","2":"type-post","3":"status-publish","4":"format-standard","5":"has-post-thumbnail","7":"category-nancy","8":"tag-actu","9":"tag-actualites","10":"tag-carnet-du-jour","11":"tag-cc-des-pays-du-sel-et-du-vermois-54b","12":"tag-edition-nancy-et-agglomeration","13":"tag-eu","14":"tag-europe","15":"tag-ferrieres","16":"tag-fr","17":"tag-france","18":"tag-grand-est","19":"tag-mariage","20":"tag-nancy","21":"tag-news","22":"tag-republique-francaise","23":"tag-societe"},"share_on_mastodon":{"url":"https:\/\/pubeurope.com\/@fr\/114648597453342914","error":""},"_links":{"self":[{"href":"https:\/\/www.europesays.com\/fr\/wp-json\/wp\/v2\/posts\/161245","targetHints":{"allow":["GET"]}}],"collection":[{"href":"https:\/\/www.europesays.com\/fr\/wp-json\/wp\/v2\/posts"}],"about":[{"href":"https:\/\/www.europesays.com\/fr\/wp-json\/wp\/v2\/types\/post"}],"author":[{"embeddable":true,"href":"https:\/\/www.europesays.com\/fr\/wp-json\/wp\/v2\/users\/2"}],"replies":[{"embeddable":true,"href":"https:\/\/www.europesays.com\/fr\/wp-json\/wp\/v2\/comments?post=161245"}],"version-history":[{"count":0,"href":"https:\/\/www.europesays.com\/fr\/wp-json\/wp\/v2\/posts\/161245\/revisions"}],"wp:featuredmedia":[{"embeddable":true,"href":"https:\/\/www.europesays.com\/fr\/wp-json\/wp\/v2\/media\/161246"}],"wp:attachment":[{"href":"https:\/\/www.europesays.com\/fr\/wp-json\/wp\/v2\/media?parent=161245"}],"wp:term":[{"taxonomy":"category","embeddable":true,"href":"https:\/\/www.europesays.com\/fr\/wp-json\/wp\/v2\/categories?post=161245"},{"taxonomy":"post_tag","embeddable":true,"href":"https:\/\/www.europesays.com\/fr\/wp-json\/wp\/v2\/tags?post=161245"}],"curies":[{"name":"wp","href":"https:\/\/api.w.org\/{rel}","templated":true}]}}