{"id":161259,"date":"2025-06-08T16:11:53","date_gmt":"2025-06-08T16:11:53","guid":{"rendered":"https:\/\/www.europesays.com\/fr\/161259\/"},"modified":"2025-06-08T16:11:53","modified_gmt":"2025-06-08T16:11:53","slug":"1942-rouen-sous-les-bombes-alliees-la-france-sous-les-bombes-alliees","status":"publish","type":"post","link":"https:\/\/www.europesays.com\/fr\/161259\/","title":{"rendered":"1942 : Rouen sous les bombes alli\u00e9es &#8211; La France sous les bombes alli\u00e9es"},"content":{"rendered":"<p id=\"descriptionPanel\" aria-labelledby=\"descriptionArrow\" aria-expanded=\"false\" class=\"mr-2 line-clamp-2 pr-2.5 text-secondary overflow-visible\">\u00c9t\u00e9 1942. Pour la premi\u00e8re fois, les bombardiers am\u00e9ricains frappent de jour en France. Objectif : la logistique allemande \u00e0 Rouen. L\u2019op\u00e9ration est un succ\u00e8s militaire, mais un drame humain. Les bombes d\u00e9truisent une partie de la ville, tuent des civils, blessent des centaines d\u2019habitants. La population, sid\u00e9r\u00e9e, d\u00e9couvre la guerre venue du ciel. Ce jour-l\u00e0, les Rouennais entrent brutalement dans l\u2019histoire. Une m\u00e9moire vive, encore douloureuse aujourd\u2019hui.<\/p>\n<p><a class=\"shrink-0\" href=\"https:\/\/www.tf1.fr\/le-figaro\/la-france-sous-les-bombes-alliees\" rel=\"nofollow noopener\" target=\"_blank\"><img decoding=\"async\" src=\"https:\/\/www.europesays.com\/fr\/wp-content\/uploads\/2025\/06\/la-france-sous-les-bombes-alliees-1748961583-4691df-8c5d32-0@1x.jpg\" width=\"138\" height=\"184\" alt=\"\" loading=\"eager\" fetchpriority=\"auto\" class=\"aspect-[3\/4] h-24 w-auto rounded-3px\" aria-hidden=\"true\"\/><\/a><\/p>\n<p>52m<\/p>\n<p><img decoding=\"async\" src=\"https:\/\/www.europesays.com\/fr\/wp-content\/uploads\/2025\/05\/lefigaro-logo-editeur-a24114-19ceaf-0@3x.png\" alt=\"Le Figaro\" loading=\"eager\" class=\"h-5 w-14\" fetchpriority=\"auto\"\/>8 juin 2025 \u00e0 00:00<\/p>\n","protected":false},"excerpt":{"rendered":"\u00c9t\u00e9 1942. Pour la premi\u00e8re fois, les bombardiers am\u00e9ricains frappent de jour en France. Objectif : la logistique&hellip;\n","protected":false},"author":2,"featured_media":161260,"comment_status":"","ping_status":"","sticky":false,"template":"","format":"standard","meta":{"footnotes":""},"categories":[9587],"tags":[1111,11,1190,29299,1777,674,1011,27,29301,29300,12,5161,25,9590,29303,29304,29302],"class_list":{"0":"post-161259","1":"post","2":"type-post","3":"status-publish","4":"format-standard","5":"has-post-thumbnail","7":"category-rouen","8":"tag-actu","9":"tag-actualites","10":"tag-documentaire","11":"tag-documentaire-la-france-sous-les-bombes-alliees","12":"tag-eu","13":"tag-europe","14":"tag-fr","15":"tag-france","16":"tag-la-france-sous-les-bombes-alliees","17":"tag-la-france-sous-les-bombes-alliees-documentaire","18":"tag-news","19":"tag-normandie","20":"tag-republique-francaise","21":"tag-rouen","22":"tag-streaming-la-france-sous-les-bombes-alliees","23":"tag-video-en-streaming-la-france-sous-les-bombes-alliees","24":"tag-video-la-france-sous-les-bombes-alliees"},"share_on_mastodon":{"url":"https:\/\/pubeurope.com\/@fr\/114648628897146522","error":""},"_links":{"self":[{"href":"https:\/\/www.europesays.com\/fr\/wp-json\/wp\/v2\/posts\/161259","targetHints":{"allow":["GET"]}}],"collection":[{"href":"https:\/\/www.europesays.com\/fr\/wp-json\/wp\/v2\/posts"}],"about":[{"href":"https:\/\/www.europesays.com\/fr\/wp-json\/wp\/v2\/types\/post"}],"author":[{"embeddable":true,"href":"https:\/\/www.europesays.com\/fr\/wp-json\/wp\/v2\/users\/2"}],"replies":[{"embeddable":true,"href":"https:\/\/www.europesays.com\/fr\/wp-json\/wp\/v2\/comments?post=161259"}],"version-history":[{"count":0,"href":"https:\/\/www.europesays.com\/fr\/wp-json\/wp\/v2\/posts\/161259\/revisions"}],"wp:featuredmedia":[{"embeddable":true,"href":"https:\/\/www.europesays.com\/fr\/wp-json\/wp\/v2\/media\/161260"}],"wp:attachment":[{"href":"https:\/\/www.europesays.com\/fr\/wp-json\/wp\/v2\/media?parent=161259"}],"wp:term":[{"taxonomy":"category","embeddable":true,"href":"https:\/\/www.europesays.com\/fr\/wp-json\/wp\/v2\/categories?post=161259"},{"taxonomy":"post_tag","embeddable":true,"href":"https:\/\/www.europesays.com\/fr\/wp-json\/wp\/v2\/tags?post=161259"}],"curies":[{"name":"wp","href":"https:\/\/api.w.org\/{rel}","templated":true}]}}