{"id":16126,"date":"2025-04-10T23:56:12","date_gmt":"2025-04-10T23:56:12","guid":{"rendered":"https:\/\/www.europesays.com\/fr\/16126\/"},"modified":"2025-04-10T23:56:12","modified_gmt":"2025-04-10T23:56:12","slug":"quels-sont-les-droits-de-douane-imposes-par-les-etats-unis-a-lue-et-au-reste-du-monde","status":"publish","type":"post","link":"https:\/\/www.europesays.com\/fr\/16126\/","title":{"rendered":"Quels sont les droits de douane impos\u00e9s par les Etats-Unis \u00e0 l&rsquo;UE et au reste du monde ?"},"content":{"rendered":"<p>\tQuels sont les droits de douane impos\u00e9s par les Etats-Unis \u00e0 l&rsquo;UE et au reste du monde ? &#8211; Touteleurope.eu<\/p>\n<p>\t\t<img decoding=\"async\" alt=\"fermer\" class=\"close-info\" src=\"https:\/\/www.europesays.com\/fr\/wp-content\/uploads\/2025\/04\/close-picto-blue.svg.svg+xml\"\/><\/p>\n<p>Touteleurope.eu est le site p\u00e9dagogique de r\u00e9f\u00e9rence sur les questions europ\u00e9ennes : <a href=\"https:\/\/www.touteleurope.eu\/qui-sommes-nous\/\" target=\"_blank\" rel=\"noopener\">Qui sommes-nous ?<\/a><\/p>\n<p><img decoding=\"async\" class=\"logo-pdf\" alt=\"Toute L'Europe \u2013 Comprendre l'Europe\" src=\"data:image\/svg+xml,%3Csvg%20xmlns=\" http:=\"\" data-lazy-src=\"https:\/\/www.europesays.com\/fr\/wp-content\/uploads\/2025\/04\/logo-ttl.svg.svg+xml\"\/><\/p>\n","protected":false},"excerpt":{"rendered":"Quels sont les droits de douane impos\u00e9s par les Etats-Unis \u00e0 l&rsquo;UE et au reste du monde ?&hellip;\n","protected":false},"author":2,"featured_media":16127,"comment_status":"","ping_status":"","sticky":false,"template":"","format":"standard","meta":{"footnotes":""},"categories":[1589],"tags":[11,215,75,2388,1073,73,1866,12,1864,1865,1863,308],"class_list":{"0":"post-16126","1":"post","2":"type-post","3":"status-publish","4":"format-standard","5":"has-post-thumbnail","7":"category-etats-unis","8":"tag-actualites","9":"tag-commerce","10":"tag-donald-trump","11":"tag-droits-de-douane","12":"tag-emmanuel-macron","13":"tag-etats-unis","14":"tag-etats-unis-damerique","15":"tag-news","16":"tag-united-states","17":"tag-united-states-of-america","18":"tag-us","19":"tag-usa"},"share_on_mastodon":{"url":"https:\/\/pubeurope.com\/@fr\/114316377195470405","error":""},"_links":{"self":[{"href":"https:\/\/www.europesays.com\/fr\/wp-json\/wp\/v2\/posts\/16126","targetHints":{"allow":["GET"]}}],"collection":[{"href":"https:\/\/www.europesays.com\/fr\/wp-json\/wp\/v2\/posts"}],"about":[{"href":"https:\/\/www.europesays.com\/fr\/wp-json\/wp\/v2\/types\/post"}],"author":[{"embeddable":true,"href":"https:\/\/www.europesays.com\/fr\/wp-json\/wp\/v2\/users\/2"}],"replies":[{"embeddable":true,"href":"https:\/\/www.europesays.com\/fr\/wp-json\/wp\/v2\/comments?post=16126"}],"version-history":[{"count":0,"href":"https:\/\/www.europesays.com\/fr\/wp-json\/wp\/v2\/posts\/16126\/revisions"}],"wp:featuredmedia":[{"embeddable":true,"href":"https:\/\/www.europesays.com\/fr\/wp-json\/wp\/v2\/media\/16127"}],"wp:attachment":[{"href":"https:\/\/www.europesays.com\/fr\/wp-json\/wp\/v2\/media?parent=16126"}],"wp:term":[{"taxonomy":"category","embeddable":true,"href":"https:\/\/www.europesays.com\/fr\/wp-json\/wp\/v2\/categories?post=16126"},{"taxonomy":"post_tag","embeddable":true,"href":"https:\/\/www.europesays.com\/fr\/wp-json\/wp\/v2\/tags?post=16126"}],"curies":[{"name":"wp","href":"https:\/\/api.w.org\/{rel}","templated":true}]}}